{"id":156903,"date":"2025-11-18T20:41:11","date_gmt":"2025-11-18T20:41:11","guid":{"rendered":"https:\/\/www.europesays.com\/pt\/156903\/"},"modified":"2025-11-18T20:41:11","modified_gmt":"2025-11-18T20:41:11","slug":"marido-de-luiz-fernando-guimaraes-faz-forte-desabafo-sobre-internacao-por-alcoolismo-do-ator","status":"publish","type":"post","link":"https:\/\/www.europesays.com\/pt\/156903\/","title":{"rendered":"Marido de Luiz Fernando Guimar\u00e3es faz forte desabafo sobre interna\u00e7\u00e3o por alcoolismo do ator"},"content":{"rendered":"\n<p>A data desta ter\u00e7a-feira marca um momento especial para\u00a0<strong data-end=\"323\" data-start=\"296\">Luiz Fernando Guimar\u00e3es<\/strong>, que retorna ao palco com o espet\u00e1culo\u00a0\u201cCurto-circuito\u201d\u00a0como parte das comemora\u00e7\u00f5es pelos seus 50 anos de carreira. A nova temporada teatral chega em um per\u00edodo de tranquilidade na vida pessoal do ator, que revisita seu percurso recente com maturidade e serenidade, ap\u00f3s anos de transforma\u00e7\u00f5es profundas.<\/p>\n<p>Atualmente casado e pai de dois filhos, Luiz Fernando vive um cen\u00e1rio completamente diferente daquele enfrentado em 2017, quando passou por uma interna\u00e7\u00e3o compuls\u00f3ria devido ao consumo excessivo de \u00e1lcool. O epis\u00f3dio \u00e9 lembrado com franqueza por seu marido,\u00a0<strong data-end=\"910\" data-start=\"890\">Adriano Medeiros<\/strong>, que descreve aquele momento como decisivo para o futuro do casal. Em seu relato, ele refor\u00e7a:\u00a0\u201cFoi a fase mais dif\u00edcil de todas. Ou entrava forte nessa tentativa, ou eu tomava outro rumo\u201d. Adriano tamb\u00e9m destacou o papel essencial de\u00a0<strong data-end=\"1164\" data-start=\"1148\">Claudia Raia<\/strong>, que esteve ao lado deles durante o processo de recupera\u00e7\u00e3o.<\/p>\n<p><strong>Uma nova fase marcada pela paternidade<\/strong><\/p>\n<p data-end=\"1780\" data-start=\"1276\">A decis\u00e3o de formar uma fam\u00edlia surgiu algum tempo depois, transformando a rela\u00e7\u00e3o e trazendo novas perspectivas ao ator. Luiz Fernando relembra a descoberta do desejo de ser pai e o instante em que essa ideia passou a fazer sentido.\u00a0\u201cN\u00e3o cogitava a paternidade, mas um dia olhei para o Adriano e falei: est\u00e1 faltando algo\u2026 Repasso aos meus filhos um conselho que sempre dei a meus amigos: vai no impulso\u201d, afirmou ele, \u00e0s v\u00e9speras de estrear a nova pe\u00e7a no Teatro Copacabana Palace, no Rio de Janeiro.<\/p>\n<p data-end=\"2214\" data-start=\"1782\">Para Adriano, a presen\u00e7a das crian\u00e7as consolidou uma rotina leve e simb\u00f3lica do que ambos buscavam viver. Ele ressalta:\u00a0\u201cSomos uma fam\u00edlia como outra qualquer. Queremos inspirar as pessoas a viver de forma natural\u201d. Com a chegada dessa nova fase, Luiz Fernando celebra n\u00e3o apenas meio s\u00e9culo de trajet\u00f3ria art\u00edstica, mas tamb\u00e9m a harmonia constru\u00edda dentro de casa \u2014 um equil\u00edbrio que ele leva consigo ao subir novamente ao palco.<\/p>\n","protected":false},"excerpt":{"rendered":"A data desta ter\u00e7a-feira marca um momento especial para\u00a0Luiz Fernando Guimar\u00e3es, que retorna ao palco com o espet\u00e1culo\u00a0\u201cCurto-circuito\u201d\u00a0como&hellip;\n","protected":false},"author":2,"featured_media":156904,"comment_status":"","ping_status":"","sticky":false,"template":"","format":"standard","meta":{"footnotes":""},"categories":[145],"tags":[33684,9933,8161,211,210,4517,33680,838,33679,114,115,33682,981,6023,33681,12159,1038,32,33,5261,2326,33683,2387,33685,12111,29032],"class_list":{"0":"post-156903","1":"post","2":"type-post","3":"status-publish","4":"format-standard","5":"has-post-thumbnail","7":"category-celebridades","8":"tag-adriano-medeiros","9":"tag-alcoolismo","10":"tag-carreira","11":"tag-celebridades","12":"tag-celebrities","13":"tag-claudia-raia","14":"tag-comemoracoes","15":"tag-criancas","16":"tag-curto-circuito","17":"tag-entertainment","18":"tag-entretenimento","19":"tag-equilibrio","20":"tag-familia","21":"tag-internacao","22":"tag-luiz-fernando-guimaraes","23":"tag-maturidade","24":"tag-paternidade","25":"tag-portugal","26":"tag-pt","27":"tag-recuperacao","28":"tag-rio-de-janeiro","29":"tag-serenidade","30":"tag-teatro","31":"tag-teatro-copacabana-palace","32":"tag-trajetoria","33":"tag-transformacoes"},"share_on_mastodon":{"url":"https:\/\/pubeurope.com\/@pt\/115572643184467784","error":""},"_links":{"self":[{"href":"https:\/\/www.europesays.com\/pt\/wp-json\/wp\/v2\/posts\/156903","targetHints":{"allow":["GET"]}}],"collection":[{"href":"https:\/\/www.europesays.com\/pt\/wp-json\/wp\/v2\/posts"}],"about":[{"href":"https:\/\/www.europesays.com\/pt\/wp-json\/wp\/v2\/types\/post"}],"author":[{"embeddable":true,"href":"https:\/\/www.europesays.com\/pt\/wp-json\/wp\/v2\/users\/2"}],"replies":[{"embeddable":true,"href":"https:\/\/www.europesays.com\/pt\/wp-json\/wp\/v2\/comments?post=156903"}],"version-history":[{"count":0,"href":"https:\/\/www.europesays.com\/pt\/wp-json\/wp\/v2\/posts\/156903\/revisions"}],"wp:featuredmedia":[{"embeddable":true,"href":"https:\/\/www.europesays.com\/pt\/wp-json\/wp\/v2\/media\/156904"}],"wp:attachment":[{"href":"https:\/\/www.europesays.com\/pt\/wp-json\/wp\/v2\/media?parent=156903"}],"wp:term":[{"taxonomy":"category","embeddable":true,"href":"https:\/\/www.europesays.com\/pt\/wp-json\/wp\/v2\/categories?post=156903"},{"taxonomy":"post_tag","embeddable":true,"href":"https:\/\/www.europesays.com\/pt\/wp-json\/wp\/v2\/tags?post=156903"}],"curies":[{"name":"wp","href":"https:\/\/api.w.org\/{rel}","templated":true}]}}