{"id":15691,"date":"2025-08-04T15:00:07","date_gmt":"2025-08-04T15:00:07","guid":{"rendered":"https:\/\/www.europesays.com\/pt\/15691\/"},"modified":"2025-08-04T15:00:07","modified_gmt":"2025-08-04T15:00:07","slug":"aumentam-casos-de-cancer-em-pessoas-com-menos-de-50-anos-mostra-pesquisa-noticias","status":"publish","type":"post","link":"https:\/\/www.europesays.com\/pt\/15691\/","title":{"rendered":"Aumentam casos de c\u00e2ncer em pessoas com menos de 50 anos, mostra pesquisa &#8211; Not\u00edcias"},"content":{"rendered":"<p>A fisioterapeuta Paola Passos se emocionou ao lembrar-se do per\u00edodo mais dif\u00edcil que viveu. Quando tinha 38 anos, com uma beb\u00ea de dois anos e gr\u00e1vida, descobriu o c\u00e2ncer de mama.<\/p>\n<p>&#8220;Eu precisava encarar a vida, viver aquele momento presente e fazer com que minha filha soubesse que eu estava lutando por ela\u201d, disse Paola.<\/p>\n<p>O parto foi induzido e a beb\u00ea nasceu prematura para a Paola continuar a quimioterapia. Tr\u00eas anos depois do tratamento, a doen\u00e7a est\u00e1 em remiss\u00e3o.<\/p>\n<p>\u201cO c\u00e2ncer, hoje, n\u00e3o \u00e9 mais uma senten\u00e7a de morte. O c\u00e2ncer, hoje, \u00e9 uma doen\u00e7a que a gente tem que enfrentar como se fosse uma diabete, como se fosse qualquer outro tipo de doen\u00e7a cr\u00f4nica. Ent\u00e3o, a gente precisa olhar para o c\u00e2ncer de forma diferente\u201d, continuou a entrevistada.<\/p>\n<p>Um levantamento do peri\u00f3dico cient\u00edfico BMJ Oncology revelou que, nos \u00faltimos 30 anos, houve um aumento de quase 80% no n\u00famero de novos casos de c\u00e2ncer, especialmente em pessoas com menos de 50 anos. O estudo analisou 29 tipos da doen\u00e7a, em 204 pa\u00edses.<\/p>\n<p>Segundo a pesquisa, o mais comum, em pessoas at\u00e9 50 anos, \u00e9 o c\u00e2ncer de mama, seguido do colorretal, de pr\u00f3stata, de tireoide e de colo do \u00fatero.<\/p>\n<p>\u201cO que a gente tem visto \u00e9 a mudan\u00e7a na sociedade. As pessoas, com h\u00e1bitos cada vez mais sedent\u00e1rios, com ingesta de alimento de pior qualidade. Praticar atividade f\u00edsica \u00e9 superimportante. Alimenta\u00e7\u00e3o saud\u00e1vel, com frutas, legumes, fibras. N\u00e3o fumar, de jeito nenhum\u201d, explicou a oncologista D\u00e9bora Dornellas.<\/p>\n<p>O sucesso do tratamento depende do diagn\u00f3stico precoce. Para a m\u00e9dica, h\u00e1 pessoas deixam de fazer exames preventivos por medo de \u201cacharem alguma coisa\u201d, comportamento que n\u00e3o deve ser seguido.<\/p>\n<p>\u201cMuitas pessoas n\u00e3o fazem exames por terem medo de achar alguma coisa, mas quem procura acha, e quem acha vence\u201d, concluiu a especialista em entrevista ao Jornal da Band.<\/p>\n","protected":false},"excerpt":{"rendered":"A fisioterapeuta Paola Passos se emocionou ao lembrar-se do per\u00edodo mais dif\u00edcil que viveu. Quando tinha 38 anos,&hellip;\n","protected":false},"author":2,"featured_media":15692,"comment_status":"","ping_status":"","sticky":false,"template":"","format":"standard","meta":{"footnotes":""},"categories":[86],"tags":[6187,6188,6189,6186,116,150,32,33,6191,6192,6193,6194,781,6190,3550,117],"class_list":{"0":"post-15691","1":"post","2":"type-post","3":"status-publish","4":"format-standard","5":"has-post-thumbnail","7":"category-saude","8":"tag-clube-fm","9":"tag-clube-fm-ribeirao","10":"tag-clube-ribeirao","11":"tag-clubefm","12":"tag-health","13":"tag-musica","14":"tag-portugal","15":"tag-pt","16":"tag-radio-clube","17":"tag-radio-clubefm","18":"tag-radio-hits","19":"tag-radio-lider-em-audiencia-em-ribeirao-preto","20":"tag-radio-online","21":"tag-radio-ribeirao-preto","22":"tag-ribeirao-preto","23":"tag-saude"},"share_on_mastodon":{"url":"","error":""},"_links":{"self":[{"href":"https:\/\/www.europesays.com\/pt\/wp-json\/wp\/v2\/posts\/15691","targetHints":{"allow":["GET"]}}],"collection":[{"href":"https:\/\/www.europesays.com\/pt\/wp-json\/wp\/v2\/posts"}],"about":[{"href":"https:\/\/www.europesays.com\/pt\/wp-json\/wp\/v2\/types\/post"}],"author":[{"embeddable":true,"href":"https:\/\/www.europesays.com\/pt\/wp-json\/wp\/v2\/users\/2"}],"replies":[{"embeddable":true,"href":"https:\/\/www.europesays.com\/pt\/wp-json\/wp\/v2\/comments?post=15691"}],"version-history":[{"count":0,"href":"https:\/\/www.europesays.com\/pt\/wp-json\/wp\/v2\/posts\/15691\/revisions"}],"wp:featuredmedia":[{"embeddable":true,"href":"https:\/\/www.europesays.com\/pt\/wp-json\/wp\/v2\/media\/15692"}],"wp:attachment":[{"href":"https:\/\/www.europesays.com\/pt\/wp-json\/wp\/v2\/media?parent=15691"}],"wp:term":[{"taxonomy":"category","embeddable":true,"href":"https:\/\/www.europesays.com\/pt\/wp-json\/wp\/v2\/categories?post=15691"},{"taxonomy":"post_tag","embeddable":true,"href":"https:\/\/www.europesays.com\/pt\/wp-json\/wp\/v2\/tags?post=15691"}],"curies":[{"name":"wp","href":"https:\/\/api.w.org\/{rel}","templated":true}]}}