{"id":156911,"date":"2025-11-18T20:48:09","date_gmt":"2025-11-18T20:48:09","guid":{"rendered":"https:\/\/www.europesays.com\/pt\/156911\/"},"modified":"2025-11-18T20:48:09","modified_gmt":"2025-11-18T20:48:09","slug":"falta-de-vacinas-sera-resolvida-nas-proximas-semanas-observador","status":"publish","type":"post","link":"https:\/\/www.europesays.com\/pt\/156911\/","title":{"rendered":"falta de vacinas ser\u00e1 resolvida nas pr\u00f3ximas semanas \u2013 Observador"},"content":{"rendered":"<p>O diretor executivo do SNS, \u00c1lvaro Almeida, afirmou esta ter\u00e7a-feira que as \u201cnecessidades pontuais\u201d de vacinas contra a gripe que se registam em algumas unidades locais de sa\u00fade do pa\u00eds \u201cv\u00e3o ser colmatadas nas pr\u00f3ximas semanas\u201d.<\/p>\n<p>Em declara\u00e7\u00f5es aos jornalistas em \u00c9vora, o respons\u00e1vel recusou a ideia de que existe uma rutura de estoque em alguns locais no pa\u00eds, apontando antes que \u201chouve pontos de vacina\u00e7\u00e3o que esgotaram as vacinas\u201d.<\/p>\n<p>\u201cN\u00e3o h\u00e1 uma rutura de estoque, porque o programa n\u00e3o \u00e9 imediato, tem seguido gradualmente. <strong>Temos \u00e9, neste momento, algumas necessidades pontuais, que v\u00e3o ser colmatadas nas pr\u00f3ximas semanas\u201d<\/strong>, salientou.<\/p>\n<p>\u00c1lvaro Almeida falava aos jornalistas \u00e0 margem de uma visita ao hospital de \u00c9vora, integrada no p\u00e9riplo que a ministra da Sa\u00fade, Ana Paula Martins, est\u00e1 a efetuar \u00e0s unidades locais de sa\u00fade (ULS) do pa\u00eds.<\/p>\n<p>Segundo o diretor executivo do SNS, o programa de vacina\u00e7\u00e3o foi este ano \u201cparticularmente bem-sucedido\u201d, com \u201ctaxas de vacina\u00e7\u00e3o muito superiores \u00e0s do ano passado\u201d. \u201cDado a esse sucesso do programa de vacina\u00e7\u00e3o, houve e h\u00e1, em alguns locais, bem definidos e limitados, <a href=\"https:\/\/observador.pt\/2025\/11\/15\/varias-uls-com-falta-de-vacinas-da-gripe-para-idosos-com-mais-de-85-anos\/\" rel=\"nofollow noopener\" target=\"_blank\">alguma limita\u00e7\u00e3o nas vacinas para as pessoas com mais de 85 anos\u201d<\/a>, reiterou, assegurando que o problema \u201cvai ser resolvido\u201d.<\/p>\n<p>O respons\u00e1vel indicou que \u201cparte do problema vai ser resolvida quase imediatamente\u201d, real\u00e7ando que, se estas dificuldades persistirem, \u201cpoder\u00e1 demorar um bocadinho mais\u201d a serem solucionadas.<\/p>\n<p>Questionado sobre o Plano de Conting\u00eancia para a Resposta Sazonal em Sa\u00fade para o inverno, \u00c1lvaro Almeida respondeu que a estrat\u00e9gia est\u00e1 montada e que j\u00e1 est\u00e3o a ser seguidas as orienta\u00e7\u00f5es definidas pela tutela.<\/p>\n<p>\u201cAs unidades j\u00e1 apresentaram cada uma os seus planos e estamos preparados para come\u00e7ar a atuar nas conting\u00eancias que forem surgindo\u201d, disse, acrescentando que, em termos de sa\u00fade, o pa\u00eds vai \u201cter um inverno que n\u00e3o \u00e9 pior do que o dos anos anteriores\u201d.<\/p>\n","protected":false},"excerpt":{"rendered":"O diretor executivo do SNS, \u00c1lvaro Almeida, afirmou esta ter\u00e7a-feira que as \u201cnecessidades pontuais\u201d de vacinas contra a&hellip;\n","protected":false},"author":2,"featured_media":156912,"comment_status":"","ping_status":"","sticky":false,"template":"","format":"standard","meta":{"footnotes":""},"categories":[86],"tags":[116,57,32,33,2946,117,1209,58,2782],"class_list":{"0":"post-156911","1":"post","2":"type-post","3":"status-publish","4":"format-standard","5":"has-post-thumbnail","7":"category-saude","8":"tag-health","9":"tag-pau00eds","10":"tag-portugal","11":"tag-pt","12":"tag-sau00fade","13":"tag-saude","14":"tag-serviu00e7o-nacional-de-sau00fade","15":"tag-sociedade","16":"tag-vacinas"},"share_on_mastodon":{"url":"https:\/\/pubeurope.com\/@pt\/115572670670384389","error":""},"_links":{"self":[{"href":"https:\/\/www.europesays.com\/pt\/wp-json\/wp\/v2\/posts\/156911","targetHints":{"allow":["GET"]}}],"collection":[{"href":"https:\/\/www.europesays.com\/pt\/wp-json\/wp\/v2\/posts"}],"about":[{"href":"https:\/\/www.europesays.com\/pt\/wp-json\/wp\/v2\/types\/post"}],"author":[{"embeddable":true,"href":"https:\/\/www.europesays.com\/pt\/wp-json\/wp\/v2\/users\/2"}],"replies":[{"embeddable":true,"href":"https:\/\/www.europesays.com\/pt\/wp-json\/wp\/v2\/comments?post=156911"}],"version-history":[{"count":0,"href":"https:\/\/www.europesays.com\/pt\/wp-json\/wp\/v2\/posts\/156911\/revisions"}],"wp:featuredmedia":[{"embeddable":true,"href":"https:\/\/www.europesays.com\/pt\/wp-json\/wp\/v2\/media\/156912"}],"wp:attachment":[{"href":"https:\/\/www.europesays.com\/pt\/wp-json\/wp\/v2\/media?parent=156911"}],"wp:term":[{"taxonomy":"category","embeddable":true,"href":"https:\/\/www.europesays.com\/pt\/wp-json\/wp\/v2\/categories?post=156911"},{"taxonomy":"post_tag","embeddable":true,"href":"https:\/\/www.europesays.com\/pt\/wp-json\/wp\/v2\/tags?post=156911"}],"curies":[{"name":"wp","href":"https:\/\/api.w.org\/{rel}","templated":true}]}}