{"id":156913,"date":"2025-11-18T20:50:10","date_gmt":"2025-11-18T20:50:10","guid":{"rendered":"https:\/\/www.europesays.com\/pt\/156913\/"},"modified":"2025-11-18T20:50:10","modified_gmt":"2025-11-18T20:50:10","slug":"a-apple-da-voz-ao-teu-ouvido-com-traducao-em-tempo-real","status":"publish","type":"post","link":"https:\/\/www.europesays.com\/pt\/156913\/","title":{"rendered":"a Apple d\u00e1 &#8216;voz&#8217; ao teu ouvido com tradu\u00e7\u00e3o em tempo real"},"content":{"rendered":"<p>A Apple est\u00e1 a preparar-se para o seu \u00faltimo grande update de software do ano. A vers\u00e3o final do <strong>iOS 26.2<\/strong> est\u00e1 prevista para ser lan\u00e7ada em <strong>dezembro<\/strong>, e as vers\u00f5es beta para programadores j\u00e1 revelaram uma s\u00e9rie de novidades que prometem tornar o teu iPhone mais inteligente, mais personaliz\u00e1vel e mais \u00fatil no teu dia a dia.<\/p>\n<p>Embora o lan\u00e7amento final esteja ainda a algumas semanas de dist\u00e2ncia, esta atualiza\u00e7\u00e3o trar\u00e1 consigo um conjunto de upgrades importantes, que v\u00e3o desde a tradu\u00e7\u00e3o em tempo real para os AirPods at\u00e9 novas op\u00e7\u00f5es de design no ecr\u00e3 de bloqueio.<\/p>\n<p>A intelig\u00eancia artificial chega ao teu ouvido: tradu\u00e7\u00e3o em tempo real<\/p>\n<p>Uma das funcionalidades mais impressionantes desta atualiza\u00e7\u00e3o ser\u00e1 a integra\u00e7\u00e3o de <strong>tradu\u00e7\u00e3o em tempo real para os AirPods<\/strong>, uma funcionalidade que ser\u00e1, inicialmente, disponibilizada nos pa\u00edses da Uni\u00e3o Europeia.<\/p>\n<ul class=\"wp-block-list\">\n<li><strong>Como funciona:<\/strong> Os utilizadores de AirPods Pro e AirPods 4 poder\u00e3o iniciar uma conversa com algu\u00e9m que fale uma l\u00edngua desconhecida. Os smartphones e os auriculares far\u00e3o a tradu\u00e7\u00e3o para o seu idioma de prefer\u00eancia, transformando o teu earbud num tradutor universal e discreto.<\/li>\n<li><strong>Benef\u00edcio:<\/strong> Esta funcionalidade \u00e9 crucial para viajantes, profissionais em reuni\u00f5es internacionais ou simplesmente para quem interage com amigos estrangeiros, quebrando as barreiras lingu\u00edsticas de forma imediata.<\/li>\n<\/ul>\n<p><img fetchpriority=\"high\" decoding=\"async\" width=\"1200\" height=\"675\" src=\"data:image\/svg+xml,%3Csvg%20xmlns=\" http:=\"\" alt=\"Ios 19 - ios 26\" class=\"wp-image-158981\" title=\"iOS 19 iOS 26 TecheNet\" data-lazy- data-lazy- data-lazy-src=\"https:\/\/www.europesays.com\/pt\/wp-content\/uploads\/2025\/11\/iOS-19-iOS-26-1200x675.webp.webp\"\/><\/p>\n<p>Personaliza\u00e7\u00e3o visual e organiza\u00e7\u00e3o total<\/p>\n<p>O iOS 26.2 continua a aprofundar a personaliza\u00e7\u00e3o do sistema, ao mesmo tempo que melhora a organiza\u00e7\u00e3o das aplica\u00e7\u00f5es de produtividade.<\/p>\n<p>\u2018Liquid Glass\u2019 mais transparente no ecr\u00e3 de bloqueio<\/p>\n<p>A nova linguagem de design <strong>\u201cLiquid Glass\u201d<\/strong> da Apple, caracterizada por elementos transl\u00facidos, receber\u00e1 um refinamento importante. Os utilizadores poder\u00e3o agora usar um <strong>controlo deslizante<\/strong> no ecr\u00e3 inicial para <strong>ajustar o n\u00edvel de transpar\u00eancia<\/strong> do rel\u00f3gio e dos widgets. Isto d\u00e1-te mais liberdade para que o teu wallpaper se destaque, mantendo a informa\u00e7\u00e3o do sistema vis\u00edvel e elegante.<\/p>\n<p>O poder da IA no Podcast e nos Lembretes<\/p>\n<p>A intelig\u00eancia artificial est\u00e1 a ser integrada em mais aplica\u00e7\u00f5es de sistema:<\/p>\n<ul class=\"wp-block-list\">\n<li><strong>Apple Podcasts:<\/strong> A aplica\u00e7\u00e3o passar\u00e1 a usar intelig\u00eancia artificial para <strong>gerar cap\u00edtulos automaticamente<\/strong> em cada epis\u00f3dio. Poder\u00e1 tamb\u00e9m <strong>obter links para outros programas<\/strong> ou refer\u00eancias mencionadas durante o epis\u00f3dio.<\/li>\n<li><strong>App Lembretes:<\/strong> A aplica\u00e7\u00e3o ser\u00e1 agora capaz de <strong>ativar alarmes e cron\u00f3metros<\/strong> automaticamente quando o hor\u00e1rio de um lembrete estiver pr\u00f3ximo. Isto garante que os utilizadores s\u00e3o alertados sobre compromissos, mesmo que o Modo Foco esteja ativado.<\/li>\n<\/ul>\n<p>Otimiza\u00e7\u00e3o de interface<\/p>\n<p>A aplica\u00e7\u00e3o <strong>Jogos<\/strong> ter\u00e1 novas op\u00e7\u00f5es de classifica\u00e7\u00e3o e filtragem na biblioteca, permitindo que organizes os teus t\u00edtulos por tamanho, nome ou t\u00edtulos executados recentemente. J\u00e1 o <strong>Apple News<\/strong> receber\u00e1 uma otimiza\u00e7\u00e3o da interface, adicionando quatro \u00edcones na parte superior para acesso r\u00e1pido \u00e0s seguintes sec\u00e7\u00f5es: <strong>Desporto, Quebra-Cabe\u00e7as, Pol\u00edtica e Comida<\/strong>.<\/p>\n<p>Compatibilidade: uma atualiza\u00e7\u00e3o para quase todos<\/p>\n<p>Tal como aconteceu com o lan\u00e7amento do iOS 26, esta atualiza\u00e7\u00e3o ser\u00e1 disponibilizada para uma vasta gama de smartphones da Apple, demonstrando o forte compromisso da empresa com a longevidade dos seus dispositivos. A lista inclui todos os modelos desde o iPhone 11 (e iPhone SE de 2.\u00aa gera\u00e7\u00e3o) at\u00e9 \u00e0 mais recente s\u00e9rie iPhone 16.<\/p>\n<p>Com uma distribui\u00e7\u00e3o esperada para <strong>dezembro<\/strong>, o iOS 26.2 ser\u00e1 um pacote de Natal antecipado para os utilizadores de iPhone, focado em quebrar as barreiras lingu\u00edsticas e em tornar a intera\u00e7\u00e3o com o teu smartphone mais inteligente e personalizada.<\/p>\n<p><strong>Outros artigos interessantes:<\/strong><\/p>\n","protected":false},"excerpt":{"rendered":"A Apple est\u00e1 a preparar-se para o seu \u00faltimo grande update de software do ano. A vers\u00e3o final&hellip;\n","protected":false},"author":2,"featured_media":156914,"comment_status":"","ping_status":"","sticky":false,"template":"","format":"standard","meta":{"footnotes":""},"categories":[84],"tags":[109,107,108,32,33,105,103,104,106,110],"class_list":{"0":"post-156913","1":"post","2":"type-post","3":"status-publish","4":"format-standard","5":"has-post-thumbnail","7":"category-ciencia-e-tecnologia","8":"tag-ciencia","9":"tag-ciencia-e-tecnologia","10":"tag-cienciaetecnologia","11":"tag-portugal","12":"tag-pt","13":"tag-science","14":"tag-science-and-technology","15":"tag-scienceandtechnology","16":"tag-technology","17":"tag-tecnologia"},"share_on_mastodon":{"url":"https:\/\/pubeurope.com\/@pt\/115572678722198816","error":""},"_links":{"self":[{"href":"https:\/\/www.europesays.com\/pt\/wp-json\/wp\/v2\/posts\/156913","targetHints":{"allow":["GET"]}}],"collection":[{"href":"https:\/\/www.europesays.com\/pt\/wp-json\/wp\/v2\/posts"}],"about":[{"href":"https:\/\/www.europesays.com\/pt\/wp-json\/wp\/v2\/types\/post"}],"author":[{"embeddable":true,"href":"https:\/\/www.europesays.com\/pt\/wp-json\/wp\/v2\/users\/2"}],"replies":[{"embeddable":true,"href":"https:\/\/www.europesays.com\/pt\/wp-json\/wp\/v2\/comments?post=156913"}],"version-history":[{"count":0,"href":"https:\/\/www.europesays.com\/pt\/wp-json\/wp\/v2\/posts\/156913\/revisions"}],"wp:featuredmedia":[{"embeddable":true,"href":"https:\/\/www.europesays.com\/pt\/wp-json\/wp\/v2\/media\/156914"}],"wp:attachment":[{"href":"https:\/\/www.europesays.com\/pt\/wp-json\/wp\/v2\/media?parent=156913"}],"wp:term":[{"taxonomy":"category","embeddable":true,"href":"https:\/\/www.europesays.com\/pt\/wp-json\/wp\/v2\/categories?post=156913"},{"taxonomy":"post_tag","embeddable":true,"href":"https:\/\/www.europesays.com\/pt\/wp-json\/wp\/v2\/tags?post=156913"}],"curies":[{"name":"wp","href":"https:\/\/api.w.org\/{rel}","templated":true}]}}