{"id":156915,"date":"2025-11-18T20:51:08","date_gmt":"2025-11-18T20:51:08","guid":{"rendered":"https:\/\/www.europesays.com\/pt\/156915\/"},"modified":"2025-11-18T20:51:08","modified_gmt":"2025-11-18T20:51:08","slug":"outlet-de-vila-do-conde-inaugura-espaco-a-pensar-em-crescer-mais","status":"publish","type":"post","link":"https:\/\/www.europesays.com\/pt\/156915\/","title":{"rendered":"Outlet de Vila do Conde inaugura espa\u00e7o a pensar em crescer mais"},"content":{"rendered":"<p data-remotead-prev-elm=\"true\" data-remotead-elm-id=\"inread\">Abriu portas h\u00e1 duas d\u00e9cadas e \u00e9 cada vez mais um destino de compras de luxo, que cresce como poucos. Nesta ter\u00e7a-feira, o Vila do Conde Porto Fashion Outlet inaugurou mais uma amplia\u00e7\u00e3o: 30 milh\u00f5es de euros de investimento, 31 lojas, 300 novos postos de trabalho e a certeza de que &#8220;\u00e9 para continuar a crescer&#8221;. Um segundo Retail Park e uma nova expans\u00e3o do centro comercial est\u00e3o j\u00e1 nos planos. At\u00e9 a C\u00e2mara de Vila do Conde quer abrir ali um espa\u00e7o promocional para alavancar o turismo local.<\/p>\n","protected":false},"excerpt":{"rendered":"Abriu portas h\u00e1 duas d\u00e9cadas e \u00e9 cada vez mais um destino de compras de luxo, que cresce&hellip;\n","protected":false},"author":2,"featured_media":156916,"comment_status":"","ping_status":"","sticky":false,"template":"","format":"standard","meta":{"footnotes":""},"categories":[83],"tags":[88,21398,89,90,32,33],"class_list":{"0":"post-156915","1":"post","2":"type-post","3":"status-publish","4":"format-standard","5":"has-post-thumbnail","7":"category-empresas","8":"tag-business","9":"tag-concelho-vila-do-conde","10":"tag-economy","11":"tag-empresas","12":"tag-portugal","13":"tag-pt"},"share_on_mastodon":{"url":"https:\/\/pubeurope.com\/@pt\/115572682643739156","error":""},"_links":{"self":[{"href":"https:\/\/www.europesays.com\/pt\/wp-json\/wp\/v2\/posts\/156915","targetHints":{"allow":["GET"]}}],"collection":[{"href":"https:\/\/www.europesays.com\/pt\/wp-json\/wp\/v2\/posts"}],"about":[{"href":"https:\/\/www.europesays.com\/pt\/wp-json\/wp\/v2\/types\/post"}],"author":[{"embeddable":true,"href":"https:\/\/www.europesays.com\/pt\/wp-json\/wp\/v2\/users\/2"}],"replies":[{"embeddable":true,"href":"https:\/\/www.europesays.com\/pt\/wp-json\/wp\/v2\/comments?post=156915"}],"version-history":[{"count":0,"href":"https:\/\/www.europesays.com\/pt\/wp-json\/wp\/v2\/posts\/156915\/revisions"}],"wp:featuredmedia":[{"embeddable":true,"href":"https:\/\/www.europesays.com\/pt\/wp-json\/wp\/v2\/media\/156916"}],"wp:attachment":[{"href":"https:\/\/www.europesays.com\/pt\/wp-json\/wp\/v2\/media?parent=156915"}],"wp:term":[{"taxonomy":"category","embeddable":true,"href":"https:\/\/www.europesays.com\/pt\/wp-json\/wp\/v2\/categories?post=156915"},{"taxonomy":"post_tag","embeddable":true,"href":"https:\/\/www.europesays.com\/pt\/wp-json\/wp\/v2\/tags?post=156915"}],"curies":[{"name":"wp","href":"https:\/\/api.w.org\/{rel}","templated":true}]}}