{"id":156917,"date":"2025-11-18T20:52:11","date_gmt":"2025-11-18T20:52:11","guid":{"rendered":"https:\/\/www.europesays.com\/pt\/156917\/"},"modified":"2025-11-18T20:52:11","modified_gmt":"2025-11-18T20:52:11","slug":"principe-saudita-recebe-honras-de-estado-na-casa-branca-e-aumenta-investimentos-nos-eua","status":"publish","type":"post","link":"https:\/\/www.europesays.com\/pt\/156917\/","title":{"rendered":"Pr\u00edncipe saudita recebe honras de Estado na Casa Branca e aumenta investimentos nos EUA"},"content":{"rendered":"<p data-remotead-prev-elm=\"true\" data-remotead-elm-id=\"inread\">&#8220;Temos hoje na Sala Oval um homem extremamente respeitado, um amigo meu de longa data&#8221;, disse Trump, ap\u00f3s ter mostrado os quadros dos ex-presidentes no Jardim das Rosas, na Casa Branca, ao herdeiro, que, na verdade, governa o pa\u00eds rico em petr\u00f3leo. Entre os quadros que mostrou, o retrato de Biden substitu\u00eddo por uma &#8220;caneta autom\u00e1tica&#8221;, que o republicano afirma ter sido usada para assinar os perd\u00f5es presidenciais.<\/p>\n<p>&#8220;O que ele fez \u00e9 incr\u00edvel, em termos de direitos humanos e tudo o mais&#8221;, acrescentou, durante a primeira visita aos EUA de Bin Salman, depois do homic\u00eddio, em 2018, do jornalista Jamal Kashoggi. O caso do jornalista do &#8220;The Washington Post&#8221; manchou a rela\u00e7\u00e3o com o l\u00edder \u00e1rabe, que ter\u00e1 aprovado a execu\u00e7\u00e3o, mas foi agora desvalorizado, j\u00e1 que o presidente dos EUA afirmou que se tratava de uma pessoa &#8220;extremamente controversa&#8221;. Salman disse apenas que se tratou de &#8220;um grande erro&#8221;.<\/p>\n<p>Durante a reuni\u00e3o, j\u00e1 depois da passagem de avi\u00f5es militares pelos c\u00e9us de Washington e perante os jornalistas, foi anunciado um aumento do investimento j\u00e1 anunciado de 600 mil milh\u00f5es de d\u00f3lares (cerca de 518 mil milh\u00f5es de euros), em setores como tecnologia e intelig\u00eancia artificial, nos EUA. &#8220;Acredito, senhor presidente, que hoje e amanh\u00e3 podemos anunciar que vamos aumentar esses 600 mil milh\u00f5es de d\u00f3lares para quase um bili\u00e3o de d\u00f3lares&#8221;, disse Bin Salman a Trump, que se mostrou surpreendido e agradado com a not\u00edcia.<\/p>\n","protected":false},"excerpt":{"rendered":"&#8220;Temos hoje na Sala Oval um homem extremamente respeitado, um amigo meu de longa data&#8221;, disse Trump, ap\u00f3s&hellip;\n","protected":false},"author":2,"featured_media":156918,"comment_status":"","ping_status":"","sticky":false,"template":"","format":"standard","meta":{"footnotes":""},"categories":[50],"tags":[1145,27,28,92,413,15,16,14,25,26,21,22,28528,62,12,13,19,20,23,24,17,18,29,30,31,63,64,65],"class_list":{"0":"post-156917","1":"post","2":"type-post","3":"status-publish","4":"format-standard","5":"has-post-thumbnail","7":"category-mundo","8":"tag-arabia-saudita","9":"tag-breaking-news","10":"tag-breakingnews","11":"tag-donald-trump","12":"tag-eua","13":"tag-featured-news","14":"tag-featurednews","15":"tag-headlines","16":"tag-latest-news","17":"tag-latestnews","18":"tag-main-news","19":"tag-mainnews","20":"tag-mohammad-bin-salman","21":"tag-mundo","22":"tag-news","23":"tag-noticias","24":"tag-noticias-principais","25":"tag-noticiasprincipais","26":"tag-principais-noticias","27":"tag-principaisnoticias","28":"tag-top-stories","29":"tag-topstories","30":"tag-ultimas","31":"tag-ultimas-noticias","32":"tag-ultimasnoticias","33":"tag-world","34":"tag-world-news","35":"tag-worldnews"},"share_on_mastodon":{"url":"https:\/\/pubeurope.com\/@pt\/115572686390867151","error":""},"_links":{"self":[{"href":"https:\/\/www.europesays.com\/pt\/wp-json\/wp\/v2\/posts\/156917","targetHints":{"allow":["GET"]}}],"collection":[{"href":"https:\/\/www.europesays.com\/pt\/wp-json\/wp\/v2\/posts"}],"about":[{"href":"https:\/\/www.europesays.com\/pt\/wp-json\/wp\/v2\/types\/post"}],"author":[{"embeddable":true,"href":"https:\/\/www.europesays.com\/pt\/wp-json\/wp\/v2\/users\/2"}],"replies":[{"embeddable":true,"href":"https:\/\/www.europesays.com\/pt\/wp-json\/wp\/v2\/comments?post=156917"}],"version-history":[{"count":0,"href":"https:\/\/www.europesays.com\/pt\/wp-json\/wp\/v2\/posts\/156917\/revisions"}],"wp:featuredmedia":[{"embeddable":true,"href":"https:\/\/www.europesays.com\/pt\/wp-json\/wp\/v2\/media\/156918"}],"wp:attachment":[{"href":"https:\/\/www.europesays.com\/pt\/wp-json\/wp\/v2\/media?parent=156917"}],"wp:term":[{"taxonomy":"category","embeddable":true,"href":"https:\/\/www.europesays.com\/pt\/wp-json\/wp\/v2\/categories?post=156917"},{"taxonomy":"post_tag","embeddable":true,"href":"https:\/\/www.europesays.com\/pt\/wp-json\/wp\/v2\/tags?post=156917"}],"curies":[{"name":"wp","href":"https:\/\/api.w.org\/{rel}","templated":true}]}}