{"id":156919,"date":"2025-11-18T20:53:29","date_gmt":"2025-11-18T20:53:29","guid":{"rendered":"https:\/\/www.europesays.com\/pt\/156919\/"},"modified":"2025-11-18T20:53:29","modified_gmt":"2025-11-18T20:53:29","slug":"brasil-pede-explicacao-a-portugal-sobre-aluno-brasileiro-que-teve-dedos-mutilados","status":"publish","type":"post","link":"https:\/\/www.europesays.com\/pt\/156919\/","title":{"rendered":"Brasil pede explica\u00e7\u00e3o a Portugal sobre aluno brasileiro que teve dedos mutilados"},"content":{"rendered":"\n<ul class=\"content-unordered-list\">\n<li><strong>Morto por engano<\/strong>: <a class=\"\" href=\"https:\/\/oglobo.globo.com\/blogs\/portugal-giro\/post\/2025\/11\/assassino-de-brasileiro-em-portugal-e-condenado-a-21-anos-de-prisao.ghtml\" rel=\"nofollow noopener\" target=\"_blank\">Assassino de brasileiro em Portugal \u00e9 condenado a 21 anos de pris\u00e3o<\/a><\/li>\n<li><strong>Em Portugal<\/strong>: <a class=\"\" href=\"https:\/\/oglobo.globo.com\/blogs\/portugal-giro\/post\/2025\/11\/brasileiros-passam-madrugada-na-fila-para-tirar-cidadania-em-portugal.ghtml\" rel=\"nofollow noopener\" target=\"_blank\">Brasileiros passam madrugada na fila para tirar cidadania <\/a><\/li>\n<\/ul>\n<p class=\" content-text__container \" data-track-category=\"Link no Texto\" data-track-links=\"\"> \u201cO embaixador do Brasil dirigiu hoje comunica\u00e7\u00f5es \u00e0 ministra da Administra\u00e7\u00e3o Interna e ao ministro da Educa\u00e7\u00e3o, Ci\u00eancia e Inova\u00e7\u00e3o solicitando informa\u00e7\u00f5es sobre as provid\u00eancias que est\u00e3o sendo tomadas em rela\u00e7\u00e3o ao caso, bem como dos seus desdobramentos\u201d. <\/p>\n<p class=\" content-text__container \" data-track-category=\"Link no Texto\" data-track-links=\"\"> A nota enviada pelo \u00f3rg\u00e3o classificou a agress\u00e3o como lament\u00e1vel e informou que a embaixada e o consulado do Porto entraram em contato com a fam\u00edlia, como <a class=\"\" href=\"https:\/\/oglobo.globo.com\/blogs\/portugal-giro\/post\/2025\/11\/crianca-que-teve-dedos-mutilados-em-portugal-tira-curativo-e-comemora-aniversario-em-familia.ghtml\" rel=\"nofollow noopener\" target=\"_blank\">revelou o Portugal Giro<\/a>. <\/p>\n<p class=\" content-text__container \" data-track-category=\"Link no Texto\" data-track-links=\"\"> O consulado do Porto ainda informou que est\u00e1 \u00e0 disposi\u00e7\u00e3o para prestar assist\u00eancia jur\u00eddica e psicol\u00f3gica \u00e0 fam\u00edlia. <\/p>\n<p class=\" content-text__container \" data-track-category=\"Link no Texto\" data-track-links=\"\"> <a class=\"\" href=\"https:\/\/oglobo.globo.com\/blogs\/portugal-giro\/post\/2025\/11\/crianca-que-teve-dedos-mutilados-em-portugal-tira-curativo-e-comemora-aniversario-em-familia.ghtml\" rel=\"nofollow noopener\" target=\"_blank\">Mais cedo<\/a>, o Portugal Giro publicou que Jos\u00e9, o <a class=\"\" href=\"https:\/\/oglobo.globo.com\/blogs\/portugal-giro\/post\/2025\/11\/so-consegue-dormir-com-medicacao-brasileiros-vivem-drama-apos-crianca-ter-dedos-mutilados-em-portugal.ghtml\" rel=\"nofollow noopener\" target=\"_blank\">aluno brasileiro que perdeu partes de dois dedos da m\u00e3o esquerda<\/a> (\u00e9 destro) em uma agress\u00e3o cometida por outras crian\u00e7as em uma escola p\u00fablica, tira o curativo amanh\u00e3 e faz dez anos na quarta-feira. Sem grandes comemora\u00e7\u00f5es. <\/p>\n<p class=\" content-text__container \" data-track-category=\"Link no Texto\" data-track-links=\"\"> A m\u00e3e do estudante, a soldadora brasileira N\u00edvia Maria Batista Macedo Nogueira Estevam afirmou que e comemora\u00e7\u00e3o ser\u00e1 caseira e em fam\u00edlia: <\/p>\n<p class=\" content-text__container \" data-track-category=\"Link no Texto\" data-track-links=\"\"> \u2014 Sim, iremos fazer uma coisa pequena e familiar, um caf\u00e9 da manh\u00e3 apenas para n\u00f3s e meus sogros. <\/p>\n<p class=\" content-text__container \" data-track-category=\"Link no Texto\" data-track-links=\"\"> N\u00edvia, disse ainda, que ele vai ganhar presentes, mas n\u00e3o pediu nada em especial. <\/p>\n<p class=\" content-text__container \" data-track-category=\"Link no Texto\" data-track-links=\"\"> \u2014 Ele nunca foi uma crian\u00e7a exigente. Ele n\u00e3o liga para coisas materiais, s\u00f3 quer apagar uma vela mesmo. N\u00e3o pediu nada em especial. Mas sabe que ir\u00e1 ganhar presentes \u2014 disse ela \u00e0 coluna. <\/p>\n<p class=\" content-text__container \" data-track-category=\"Link no Texto\" data-track-links=\"\"> Apesar do anivers\u00e1rio e da comemora\u00e7\u00e3o familiar, Jos\u00e9, na opini\u00e3o da m\u00e3e, dever\u00e1 estar abatido porque ir\u00e1 tirar os curativos. <\/p>\n<p class=\" content-text__container \" data-track-category=\"Link no Texto\" data-track-links=\"\"> \u2014 Eu acho que ele vai est\u00e1 bem abatido, porque amanh\u00e3 tira os curativos e ir\u00e1 ver a m\u00e3o. Ent\u00e3o, n\u00e3o ser\u00e3o dias f\u00e1ceis \u2014 afirmou. <\/p>\n<p class=\" content-text__container \" data-track-category=\"Link no Texto\" data-track-links=\"\"> A brasileira revelou, ainda, que foi ouvida pelo consulado em Lisboa e pela Embaixada do Brasil, que, segundo ela, ir\u00e1 divulgar um comunicado. <\/p>\n<p class=\" content-text__container \" data-track-category=\"Link no Texto\" data-track-links=\"\"> Uma advogada entrar\u00e1 com processo e o caso \u00e9 investigado pelo Minist\u00e9rio da Educa\u00e7\u00e3o. <\/p>\n<p class=\" content-text__container \" data-track-category=\"Link no Texto\" data-track-links=\"\"> Jos\u00e9 perdeu partes de dois dedos da m\u00e3o esquerda (\u00e9 destro) em uma agress\u00e3o cometida por outras crian\u00e7as em uma escola p\u00fablica de Cinf\u00e3es, em Viseu, no \u00faltimo dia 10. <\/p>\n<p class=\" content-text__container \" data-track-category=\"Link no Texto\" data-track-links=\"\"> Ele teve os dedos presos em uma porta. A viol\u00eancia foi cometida por dois alunos. Em resposta \u00e0 N\u00edvia, o agrupamento de escolas disse que abriu inqu\u00e9rito interno. <\/p>\n<p class=\" content-text__container \" data-track-category=\"Link no Texto\" data-track-links=\"\"> Em nota, o Minist\u00e9rio da Educa\u00e7\u00e3o informou que foi aberto processo de &#8220;averigua\u00e7\u00f5es sobre o incidente a pedido do diretor-geral da Dire\u00e7\u00e3o-Geral de Estabelecimentos Escolares&#8221;. <\/p>\n<p class=\" content-text__container \" data-track-category=\"Link no Texto\" data-track-links=\"\"> Parte de um dos dedos foi implantada. Jos\u00e9 se recupera em casa da cirurgia, mas os dedos mutilados ter\u00e3o propor\u00e7\u00f5es diferentes. <\/p>\n<p class=\" content-text__container \" data-track-category=\"Link no Texto\" data-track-links=\"\"> A brasileira ressaltou que funcion\u00e1rios disseram para ela que foi \u201cbriga entre crian\u00e7as, que acontece e que Jos\u00e9 nem sangrou tanto assim\u201d. <\/p>\n<p class=\" content-text__container \" data-track-category=\"Link no Texto\" data-track-links=\"\"> Segundo N\u00edvia disse \u00e0 coluna <a class=\"\" href=\"https:\/\/oglobo.globo.com\/blogs\/portugal-giro\/post\/2025\/11\/so-consegue-dormir-com-medicacao-brasileiros-vivem-drama-apos-crianca-ter-dedos-mutilados-em-portugal.ghtml\" rel=\"nofollow noopener\" target=\"_blank\">nesta mat\u00e9ria<\/a>, o filho s\u00f3 consegue dormir se tomar rem\u00e9dio, receitado pelos m\u00e9dicos do Sistema Nacional de Sa\u00fade no Hospital S\u00e3o Jo\u00e3o, no Porto. <\/p>\n<p class=\" content-text__container \" data-track-category=\"Link no Texto\" data-track-links=\"\"> \u2014 Jos\u00e9 passa o dia bem, porque eu deixo ele ficar no telefone e vendo TV. Quando chega a hora de dormir, ele revive todo o pesadelo. Chora, se desespera e s\u00f3 consegue dormir com medica\u00e7\u00e3o para induzir o sono \u2014 disse N\u00edvia. <\/p>\n<p class=\" content-text__container \" data-track-category=\"Link no Texto\" data-track-links=\"\"> Eles abandonaram a casa em Cinf\u00e3es, uma pequena vila de Viseu, e foram para Aveiro, onde t\u00eam fam\u00edlia. O padrasto de Jos\u00e9, Jo\u00e3o Vitor da Silva, pegou o primeiro voo de Barcelona, onde trabalha como soldador, para encontrar a fam\u00edlia. <\/p>\n<p class=\" content-text__container \" data-track-category=\"Link no Texto\" data-track-links=\"\"> Traumatizado, Jos\u00e9, segundo a m\u00e3e, n\u00e3o quer voltar para a cidade nem para a escola. <\/p>\n","protected":false},"excerpt":{"rendered":"Morto por engano: Assassino de brasileiro em Portugal \u00e9 condenado a 21 anos de pris\u00e3o Em Portugal: Brasileiros&hellip;\n","protected":false},"author":2,"featured_media":156920,"comment_status":"","ping_status":"","sticky":false,"template":"","format":"standard","meta":{"footnotes":""},"categories":[10],"tags":[27,28,33689,15,16,14,25,26,797,21,22,33688,12,13,19,20,32,23,24,33,17,18,33687,29,30,31,33690,33686],"class_list":{"0":"post-156919","1":"post","2":"type-post","3":"status-publish","4":"format-standard","5":"has-post-thumbnail","7":"category-portugal","8":"tag-breaking-news","9":"tag-breakingnews","10":"tag-estudar-em-portugal","11":"tag-featured-news","12":"tag-featurednews","13":"tag-headlines","14":"tag-latest-news","15":"tag-latestnews","16":"tag-lisboa","17":"tag-main-news","18":"tag-mainnews","19":"tag-mudar-para-portugal","20":"tag-news","21":"tag-noticias","22":"tag-noticias-principais","23":"tag-noticiasprincipais","24":"tag-portugal","25":"tag-principais-noticias","26":"tag-principaisnoticias","27":"tag-pt","28":"tag-top-stories","29":"tag-topstories","30":"tag-trabalhar-em-portugal","31":"tag-ultimas","32":"tag-ultimas-noticias","33":"tag-ultimasnoticias","34":"tag-viajar-para-portugal","35":"tag-viver-em-portugal"},"share_on_mastodon":{"url":"https:\/\/pubeurope.com\/@pt\/115572690303241607","error":""},"_links":{"self":[{"href":"https:\/\/www.europesays.com\/pt\/wp-json\/wp\/v2\/posts\/156919","targetHints":{"allow":["GET"]}}],"collection":[{"href":"https:\/\/www.europesays.com\/pt\/wp-json\/wp\/v2\/posts"}],"about":[{"href":"https:\/\/www.europesays.com\/pt\/wp-json\/wp\/v2\/types\/post"}],"author":[{"embeddable":true,"href":"https:\/\/www.europesays.com\/pt\/wp-json\/wp\/v2\/users\/2"}],"replies":[{"embeddable":true,"href":"https:\/\/www.europesays.com\/pt\/wp-json\/wp\/v2\/comments?post=156919"}],"version-history":[{"count":0,"href":"https:\/\/www.europesays.com\/pt\/wp-json\/wp\/v2\/posts\/156919\/revisions"}],"wp:featuredmedia":[{"embeddable":true,"href":"https:\/\/www.europesays.com\/pt\/wp-json\/wp\/v2\/media\/156920"}],"wp:attachment":[{"href":"https:\/\/www.europesays.com\/pt\/wp-json\/wp\/v2\/media?parent=156919"}],"wp:term":[{"taxonomy":"category","embeddable":true,"href":"https:\/\/www.europesays.com\/pt\/wp-json\/wp\/v2\/categories?post=156919"},{"taxonomy":"post_tag","embeddable":true,"href":"https:\/\/www.europesays.com\/pt\/wp-json\/wp\/v2\/tags?post=156919"}],"curies":[{"name":"wp","href":"https:\/\/api.w.org\/{rel}","templated":true}]}}