{"id":156924,"date":"2025-11-18T21:00:28","date_gmt":"2025-11-18T21:00:28","guid":{"rendered":"https:\/\/www.europesays.com\/pt\/156924\/"},"modified":"2025-11-18T21:00:28","modified_gmt":"2025-11-18T21:00:28","slug":"justica-3-globo-avalia-nova-temporada-apos-vale-tudo-18-11-2025-outro-canal","status":"publish","type":"post","link":"https:\/\/www.europesays.com\/pt\/156924\/","title":{"rendered":"&#8216;Justi\u00e7a 3&#8217;: Globo avalia nova temporada ap\u00f3s &#8216;Vale Tudo&#8217; &#8211; 18\/11\/2025 &#8211; Outro Canal"},"content":{"rendered":"<p>\n<strong class=\"c-signature__location\">Aracaju <\/strong>\n<\/p>\n<p>A <a href=\"https:\/\/www1.folha.uol.com.br\/folha-topicos\/globo\/\" rel=\"nofollow noopener\" target=\"_blank\">Globo<\/a> avalia a produ\u00e7\u00e3o de uma nova temporada da s\u00e9rie &#8220;Justi\u00e7a&#8221;, escrita por <a href=\"https:\/\/www1.folha.uol.com.br\/folha-topicos\/manuela-dias\/\" rel=\"nofollow noopener\" target=\"_blank\">Manuela Dias<\/a>, de &#8220;<a href=\"https:\/\/www1.folha.uol.com.br\/folha-topicos\/vale-tudo-novela\/\" rel=\"nofollow noopener\" target=\"\">Vale Tudo<\/a>&#8220;, <a href=\"https:\/\/www1.folha.uol.com.br\/folha-topicos\/novela\/\" rel=\"nofollow noopener\" target=\"_blank\">novela<\/a> que foi sua grande vitrine em 2025. O objetivo \u00e9 ter um produto forte para o Globoplay, sua plataforma de <a href=\"https:\/\/www1.folha.uol.com.br\/folha-topicos\/streaming\/\" rel=\"nofollow noopener\" target=\"_blank\">streaming<\/a>, no ano que vem.<\/p>\n<p>  <a href=\"https:\/\/f5.folha.uol.com.br\/colunistas\/outro-canal\/\" rel=\"nofollow noopener\" target=\"_blank\"><br \/>\n    <img decoding=\"async\" src=\"https:\/\/www.europesays.com\/pt\/wp-content\/uploads\/2025\/10\/172599691166e09f6f54fe2_1725996911_1x1_xs.jpg\" alt=\"Foto de Outro Canal\" class=\"img-responsive c-lazyload\"\/><\/p>\n<p>  <\/a><\/p>\n<p class=\"author__description\">\n    Cobre diariamente os bastidores das novelas, do telejornalismo e da m\u00eddia esportiva. Tem como titular o jornalista Gabriel Vaquer\n  <\/p>\n","protected":false},"excerpt":{"rendered":"Aracaju A Globo avalia a produ\u00e7\u00e3o de uma nova temporada da s\u00e9rie &#8220;Justi\u00e7a&#8221;, escrita por Manuela Dias, de&hellip;\n","protected":false},"author":2,"featured_media":156925,"comment_status":"","ping_status":"","sticky":false,"template":"","format":"standard","meta":{"footnotes":""},"categories":[142],"tags":[219,211,223,114,115,224,225,226,753,221,220,222,5467,2538,32,33,1588,940,2566,218,228,151,2930,227],"class_list":{"0":"post-156924","1":"post","2":"type-post","3":"status-publish","4":"format-standard","5":"has-post-thumbnail","7":"category-tv","8":"tag-bichos","9":"tag-celebridades","10":"tag-colunistas","11":"tag-entertainment","12":"tag-entretenimento","13":"tag-estranho","14":"tag-eu-amo","15":"tag-fofices","16":"tag-globo","17":"tag-horoscopo","18":"tag-humanos","19":"tag-humor","20":"tag-justia","21":"tag-manuela-dias","22":"tag-portugal","23":"tag-pt","24":"tag-sries","25":"tag-streaming","26":"tag-televiso","27":"tag-televisao","28":"tag-tudo","29":"tag-tv","30":"tag-vale-tudo-novela","31":"tag-videos"},"share_on_mastodon":{"url":"https:\/\/pubeurope.com\/@pt\/115572718688631116","error":""},"_links":{"self":[{"href":"https:\/\/www.europesays.com\/pt\/wp-json\/wp\/v2\/posts\/156924","targetHints":{"allow":["GET"]}}],"collection":[{"href":"https:\/\/www.europesays.com\/pt\/wp-json\/wp\/v2\/posts"}],"about":[{"href":"https:\/\/www.europesays.com\/pt\/wp-json\/wp\/v2\/types\/post"}],"author":[{"embeddable":true,"href":"https:\/\/www.europesays.com\/pt\/wp-json\/wp\/v2\/users\/2"}],"replies":[{"embeddable":true,"href":"https:\/\/www.europesays.com\/pt\/wp-json\/wp\/v2\/comments?post=156924"}],"version-history":[{"count":0,"href":"https:\/\/www.europesays.com\/pt\/wp-json\/wp\/v2\/posts\/156924\/revisions"}],"wp:featuredmedia":[{"embeddable":true,"href":"https:\/\/www.europesays.com\/pt\/wp-json\/wp\/v2\/media\/156925"}],"wp:attachment":[{"href":"https:\/\/www.europesays.com\/pt\/wp-json\/wp\/v2\/media?parent=156924"}],"wp:term":[{"taxonomy":"category","embeddable":true,"href":"https:\/\/www.europesays.com\/pt\/wp-json\/wp\/v2\/categories?post=156924"},{"taxonomy":"post_tag","embeddable":true,"href":"https:\/\/www.europesays.com\/pt\/wp-json\/wp\/v2\/tags?post=156924"}],"curies":[{"name":"wp","href":"https:\/\/api.w.org\/{rel}","templated":true}]}}