{"id":156926,"date":"2025-11-18T21:03:38","date_gmt":"2025-11-18T21:03:38","guid":{"rendered":"https:\/\/www.europesays.com\/pt\/156926\/"},"modified":"2025-11-18T21:03:38","modified_gmt":"2025-11-18T21:03:38","slug":"pre-venda-de-ingressos-para-avatar-3-fogo-e-cinzas-ja-tem-data-para-comecar-no-brasil","status":"publish","type":"post","link":"https:\/\/www.europesays.com\/pt\/156926\/","title":{"rendered":"Pr\u00e9-venda de ingressos para \u2018Avatar 3 &#8211; Fogo e Cinzas\u2019 j\u00e1 tem data para come\u00e7ar no Brasil"},"content":{"rendered":"<p>Atendendo a pedidos dos f\u00e3s da franquia, a Disney e a 20th Century Studios Brasil divulgaram a data de in\u00edcio da venda antecipada de ingressos para \u201c<a href=\"https:\/\/www.ingresso.com\/filme\/avatar-fogo-e-cinzas\" rel=\"nofollow noopener\" target=\"_blank\">Avatar 3: Fogo e Cinzas<\/a>\u201d.<\/p>\n<p><strong>QUANDO COME\u00c7A A PR\u00c9-VENDA PARA \u201cAVATAR: FOGO E CINZAS\u201d NO BRASIL?<\/strong><\/p>\n<p>Os ingressos para \u201cAvatar: Fogo e Cinzas\u201d come\u00e7am a ser vendidos no <strong>dia 1\u00ba de dezembro, segunda-feira<\/strong>. Nessa data, por meio do site ou aplicativos da Ingresso.com, ser\u00e1 poss\u00edvel <a href=\"https:\/\/www.ingresso.com\/filme\/avatar-fogo-e-cinzas\" rel=\"nofollow noopener\" target=\"_blank\">garantir os melhores lugares<\/a> para as primeiras sess\u00f5es do filme, que estreia nos cinemas do Brasil em 18 de dezembro.<\/p>\n<p class=\"youtube-media-post\">\n<p>Em \u201cAvatar: Fogo e Cinzas\u201d, Jake (Sam Worthington), Neytiri (Z\u00f6e Salda\u00f1a) e sua fam\u00edlia enfrentam o luto pelo falecimento de Neteyam, primog\u00eanito do casal, morto no filme anterior. As pr\u00e9vias ainda revelam membros da misteriosas Tribo das Cinzas, incluindo a sua l\u00edder Varang, vivida pela atriz Oona Chaplin. Conforme o conflito no planeta aumenta, uma nova tens\u00e3o moral come\u00e7a a emergir.<\/p>\n<p><a href=\"https:\/\/whatsapp.com\/channel\/0029Va58whvFCCoURznPIG0n\" rel=\"nofollow noopener\" target=\"_blank\">Fa\u00e7a parte do canal do Whatsapp da Ingresso.com e fique por dentro de promo\u00e7\u00f5es e das \u00faltimas not\u00edcias sobre o universo do cinema e da cultura pop!<\/a><\/p>\n<p>Al\u00e9m de Salda\u00f1a, Worthington e Chaplin, o elenco do longa, novamente dirigido por James Cameron, ainda conta a presen\u00e7a de diversos talentos conhecidos, como Kate Wislet, Sigourney Weaver, Jemaine Clement e da vencedora do Oscar de Melhor Atriz, Michelle Yeoh.<\/p>\n<p>Com duas sequ\u00eancias planejadas at\u00e9 2031, \u201cAvatar: Fogo e Cinzas\u201d tem estreia no Brasil prevista para 18 de dezembro, exclusivamente nos cinemas.<\/p>\n","protected":false},"excerpt":{"rendered":"Atendendo a pedidos dos f\u00e3s da franquia, a Disney e a 20th Century Studios Brasil divulgaram a data&hellip;\n","protected":false},"author":2,"featured_media":156927,"comment_status":"","ping_status":"","sticky":false,"template":"","format":"standard","meta":{"footnotes":""},"categories":[140],"tags":[114,115,147,148,146,32,33],"class_list":{"0":"post-156926","1":"post","2":"type-post","3":"status-publish","4":"format-standard","5":"has-post-thumbnail","7":"category-filmes","8":"tag-entertainment","9":"tag-entretenimento","10":"tag-film","11":"tag-filmes","12":"tag-movies","13":"tag-portugal","14":"tag-pt"},"share_on_mastodon":{"url":"https:\/\/pubeurope.com\/@pt\/115572729860725122","error":""},"_links":{"self":[{"href":"https:\/\/www.europesays.com\/pt\/wp-json\/wp\/v2\/posts\/156926","targetHints":{"allow":["GET"]}}],"collection":[{"href":"https:\/\/www.europesays.com\/pt\/wp-json\/wp\/v2\/posts"}],"about":[{"href":"https:\/\/www.europesays.com\/pt\/wp-json\/wp\/v2\/types\/post"}],"author":[{"embeddable":true,"href":"https:\/\/www.europesays.com\/pt\/wp-json\/wp\/v2\/users\/2"}],"replies":[{"embeddable":true,"href":"https:\/\/www.europesays.com\/pt\/wp-json\/wp\/v2\/comments?post=156926"}],"version-history":[{"count":0,"href":"https:\/\/www.europesays.com\/pt\/wp-json\/wp\/v2\/posts\/156926\/revisions"}],"wp:featuredmedia":[{"embeddable":true,"href":"https:\/\/www.europesays.com\/pt\/wp-json\/wp\/v2\/media\/156927"}],"wp:attachment":[{"href":"https:\/\/www.europesays.com\/pt\/wp-json\/wp\/v2\/media?parent=156926"}],"wp:term":[{"taxonomy":"category","embeddable":true,"href":"https:\/\/www.europesays.com\/pt\/wp-json\/wp\/v2\/categories?post=156926"},{"taxonomy":"post_tag","embeddable":true,"href":"https:\/\/www.europesays.com\/pt\/wp-json\/wp\/v2\/tags?post=156926"}],"curies":[{"name":"wp","href":"https:\/\/api.w.org\/{rel}","templated":true}]}}