{"id":156930,"date":"2025-11-18T21:08:19","date_gmt":"2025-11-18T21:08:19","guid":{"rendered":"https:\/\/www.europesays.com\/pt\/156930\/"},"modified":"2025-11-18T21:08:19","modified_gmt":"2025-11-18T21:08:19","slug":"o-aviso-serio-deixado-a-ryanair","status":"publish","type":"post","link":"https:\/\/www.europesays.com\/pt\/156930\/","title":{"rendered":"O aviso s\u00e9rio deixado \u00e0 Ryanair"},"content":{"rendered":"<p data-remotead-prev-elm=\"true\" data-remotead-elm-id=\"inread\">O aviso partiu da ANAC &#8211; Autoridade Nacional de Avia\u00e7\u00e3o Civil, que num duro comunicado deixou avisos s\u00e9rios \u00e0 low cost irlandesa.<\/p>\n<p>&#8220;A ANAC comunicou \u00e0 transportadora a\u00e9rea em causa que a mesma dever\u00e1 efetivamente abster-se de qualquer comportamento que impe\u00e7a o embarque de passageiros com reserva confirmada num voo (e &#8220;check-in&#8221; efetuado), pelo facto de os mesmos n\u00e3o serem portadores de cart\u00e3o de embarque digital&#8221;, alertou a ANAC.<\/p>\n<p>Segundo a entidade, a companhia a\u00e9rea tamb\u00e9m n\u00e3o deve impor o pagamento de taxas para a obten\u00e7\u00e3o e utiliza\u00e7\u00e3o de cart\u00f5es de embarque em papel.<\/p>\n<p data-remotead-prev-elm=\"true\" data-remotead-elm-id=\"centro1\">A Ryanair deixou de aceitar cart\u00f5es de embarque impressos, tendo os passageiros de utilizar exclusivamente cart\u00f5es de embarque digitais.<\/p>\n<p>Para verificar a exist\u00eancia de eventuais constrangimentos para os passageiros, a ANAC analisou a informa\u00e7\u00e3o publicada pela Ryanair e os esclarecimentos adicionais que a empresa lhe prestou.<\/p>\n<p>Foi conclu\u00eddo que a Ryanair pretende garantir todos os direitos dos passageiros e n\u00e3o aplicar &#8220;uma taxa de reemiss\u00e3o do cart\u00e3o de embarque a quem tenha efetuado o check-in online&#8221;.<\/p>\n","protected":false},"excerpt":{"rendered":"O aviso partiu da ANAC &#8211; Autoridade Nacional de Avia\u00e7\u00e3o Civil, que num duro comunicado deixou avisos s\u00e9rios&hellip;\n","protected":false},"author":2,"featured_media":156931,"comment_status":"","ping_status":"","sticky":false,"template":"","format":"standard","meta":{"footnotes":""},"categories":[83],"tags":[2279,88,89,90,32,33,6722,20263],"class_list":{"0":"post-156930","1":"post","2":"type-post","3":"status-publish","4":"format-standard","5":"has-post-thumbnail","7":"category-empresas","8":"tag-anac","9":"tag-business","10":"tag-economy","11":"tag-empresas","12":"tag-portugal","13":"tag-pt","14":"tag-ryanair","15":"tag-volta-ao-mundo-noticias"},"share_on_mastodon":{"url":"https:\/\/pubeurope.com\/@pt\/115572749385014038","error":""},"_links":{"self":[{"href":"https:\/\/www.europesays.com\/pt\/wp-json\/wp\/v2\/posts\/156930","targetHints":{"allow":["GET"]}}],"collection":[{"href":"https:\/\/www.europesays.com\/pt\/wp-json\/wp\/v2\/posts"}],"about":[{"href":"https:\/\/www.europesays.com\/pt\/wp-json\/wp\/v2\/types\/post"}],"author":[{"embeddable":true,"href":"https:\/\/www.europesays.com\/pt\/wp-json\/wp\/v2\/users\/2"}],"replies":[{"embeddable":true,"href":"https:\/\/www.europesays.com\/pt\/wp-json\/wp\/v2\/comments?post=156930"}],"version-history":[{"count":0,"href":"https:\/\/www.europesays.com\/pt\/wp-json\/wp\/v2\/posts\/156930\/revisions"}],"wp:featuredmedia":[{"embeddable":true,"href":"https:\/\/www.europesays.com\/pt\/wp-json\/wp\/v2\/media\/156931"}],"wp:attachment":[{"href":"https:\/\/www.europesays.com\/pt\/wp-json\/wp\/v2\/media?parent=156930"}],"wp:term":[{"taxonomy":"category","embeddable":true,"href":"https:\/\/www.europesays.com\/pt\/wp-json\/wp\/v2\/categories?post=156930"},{"taxonomy":"post_tag","embeddable":true,"href":"https:\/\/www.europesays.com\/pt\/wp-json\/wp\/v2\/tags?post=156930"}],"curies":[{"name":"wp","href":"https:\/\/api.w.org\/{rel}","templated":true}]}}