{"id":156932,"date":"2025-11-18T21:09:13","date_gmt":"2025-11-18T21:09:13","guid":{"rendered":"https:\/\/www.europesays.com\/pt\/156932\/"},"modified":"2025-11-18T21:09:13","modified_gmt":"2025-11-18T21:09:13","slug":"moscovo-regista-recorde-de-85-anos-de-temperatura-elevada-para-a-epoca","status":"publish","type":"post","link":"https:\/\/www.europesays.com\/pt\/156932\/","title":{"rendered":"Moscovo regista recorde de 85 anos de temperatura elevada para a \u00e9poca"},"content":{"rendered":"<p id=\"block-1\">Os term\u00f3metros em Moscovo marcaram hoje 9,9 graus Celsius (\u00baC), um recorde de temperatura elevada para a \u00e9poca nos \u00faltimos 85 anos, anunciaram os meteorologistas.<\/p>\n<p id=\"block-2\">Yevgueni Tishkovets, um dos &#8220;homens do tempo&#8221; mais populares da R\u00fassia, disse que o anterior m\u00e1ximo nesta altura do ano em Moscovo tinha sido registado em 18 de novembro de 1940, quando os term\u00f3metros marcaram 9,4 \u00baC.<\/p>\n<p id=\"block-3\">&#8220;Foi batido um recorde de calor em Moscovo&#8221;, escreveu Tishkovets nas redes sociais, segundo a ag\u00eancia de not\u00edcias espanhola EFE.<\/p>\n<p id=\"block-4\">Ao mesmo tempo, as previs\u00f5es auguram uma dr\u00e1stica descida de temperaturas na capital russa ao longo da semana.<\/p>\n<p id=\"block-5\">Tamb\u00e9m na capital dos Urais, Ecaterimburgo, foi batido esta semana um recorde de 188 anos de temperatura elevada para \u00e9poca, quando os term\u00f3metros marcaram 8 \u00baC.<\/p>\n<p id=\"block-6\">Em setembro, a temperatura em Moscovo atingiu os 26,2 \u00baC e foi a mais alta em 140 anos de observa\u00e7\u00e3o meteorol\u00f3gica.<\/p>\n","protected":false},"excerpt":{"rendered":"Os term\u00f3metros em Moscovo marcaram hoje 9,9 graus Celsius (\u00baC), um recorde de temperatura elevada para a \u00e9poca&hellip;\n","protected":false},"author":2,"featured_media":156933,"comment_status":"","ping_status":"","sticky":false,"template":"","format":"standard","meta":{"footnotes":""},"categories":[50],"tags":[27,28,15,16,14,25,26,21,22,62,12,13,19,20,23,24,17,18,29,30,31,63,64,65],"class_list":{"0":"post-156932","1":"post","2":"type-post","3":"status-publish","4":"format-standard","5":"has-post-thumbnail","7":"category-mundo","8":"tag-breaking-news","9":"tag-breakingnews","10":"tag-featured-news","11":"tag-featurednews","12":"tag-headlines","13":"tag-latest-news","14":"tag-latestnews","15":"tag-main-news","16":"tag-mainnews","17":"tag-mundo","18":"tag-news","19":"tag-noticias","20":"tag-noticias-principais","21":"tag-noticiasprincipais","22":"tag-principais-noticias","23":"tag-principaisnoticias","24":"tag-top-stories","25":"tag-topstories","26":"tag-ultimas","27":"tag-ultimas-noticias","28":"tag-ultimasnoticias","29":"tag-world","30":"tag-world-news","31":"tag-worldnews"},"share_on_mastodon":{"url":"https:\/\/pubeurope.com\/@pt\/115572753319169960","error":""},"_links":{"self":[{"href":"https:\/\/www.europesays.com\/pt\/wp-json\/wp\/v2\/posts\/156932","targetHints":{"allow":["GET"]}}],"collection":[{"href":"https:\/\/www.europesays.com\/pt\/wp-json\/wp\/v2\/posts"}],"about":[{"href":"https:\/\/www.europesays.com\/pt\/wp-json\/wp\/v2\/types\/post"}],"author":[{"embeddable":true,"href":"https:\/\/www.europesays.com\/pt\/wp-json\/wp\/v2\/users\/2"}],"replies":[{"embeddable":true,"href":"https:\/\/www.europesays.com\/pt\/wp-json\/wp\/v2\/comments?post=156932"}],"version-history":[{"count":0,"href":"https:\/\/www.europesays.com\/pt\/wp-json\/wp\/v2\/posts\/156932\/revisions"}],"wp:featuredmedia":[{"embeddable":true,"href":"https:\/\/www.europesays.com\/pt\/wp-json\/wp\/v2\/media\/156933"}],"wp:attachment":[{"href":"https:\/\/www.europesays.com\/pt\/wp-json\/wp\/v2\/media?parent=156932"}],"wp:term":[{"taxonomy":"category","embeddable":true,"href":"https:\/\/www.europesays.com\/pt\/wp-json\/wp\/v2\/categories?post=156932"},{"taxonomy":"post_tag","embeddable":true,"href":"https:\/\/www.europesays.com\/pt\/wp-json\/wp\/v2\/tags?post=156932"}],"curies":[{"name":"wp","href":"https:\/\/api.w.org\/{rel}","templated":true}]}}