{"id":156938,"date":"2025-11-18T21:12:33","date_gmt":"2025-11-18T21:12:33","guid":{"rendered":"https:\/\/www.europesays.com\/pt\/156938\/"},"modified":"2025-11-18T21:12:33","modified_gmt":"2025-11-18T21:12:33","slug":"em-processo-contra-gravadora-larissa-manoela-exige-r-100-mil-por-danos-morais-entenda","status":"publish","type":"post","link":"https:\/\/www.europesays.com\/pt\/156938\/","title":{"rendered":"Em processo contra gravadora, Larissa Manoela exige R$ 100 mil por danos morais; entenda"},"content":{"rendered":"\n<p class=\" content-text__container theme-color-primary-first-letter\" data-track-category=\"Link no Texto\" data-track-links=\"\"> A atriz e cantora <a class=\"\" href=\"https:\/\/oglobo.globo.com\/tudo-sobre\/personalidade\/larissa-manoela\" rel=\"nofollow noopener\" target=\"_blank\">Larissa Manoela<\/a> exige R$ 100 mil por danos morais num processo judicial que ela move contra a gravadora Deck Produ\u00e7\u00f5es Art\u00edsticas Ltda. A a\u00e7\u00e3o busca encerrar o <a class=\"\" href=\"https:\/\/oglobo.globo.com\/cultura\/noticia\/2025\/11\/18\/larissa-manoela-esta-processando-os-pais-entenda-o-caso.ghtml\" rel=\"nofollow noopener\" target=\"_blank\">contrato vital\u00edcio<\/a> firmado com a empresa quando a artista ainda era agenciada pelos pais, que j\u00e1 n\u00e3o fazem mais parte do quadro societ\u00e1rio da gravadora. No documento ao qual o GLOBO teve acesso, Larissa alega que, &#8220;\u00e0 \u00e9poca da assinatura do contrato original e do aditamento&#8221;, era menor de idade, &#8220;contando com apenas 11 anos&#8221;, e foi representada por seus pais. <\/p>\n<ul class=\"content-unordered-list\">\n<li><strong>Pol\u00eamica:<\/strong> <a class=\"\" href=\"https:\/\/oglobo.globo.com\/cultura\/livros\/noticia\/2025\/11\/12\/editoras-se-dividem-diante-de-carta-assinada-por-personalidades-contra-fim-do-plastico-nas-embalagens-dos-livros.ghtml\" rel=\"nofollow noopener\" target=\"_blank\">Editoras se dividem diante de carta assinada por Chico Buarque e outras personalidades contra fim do pl\u00e1stico nos livros<\/a><\/li>\n<li><strong>Celeuma:<\/strong> <a class=\"\" href=\"https:\/\/oglobo.globo.com\/cultura\/streaming\/noticia\/2025\/11\/09\/autor-de-tremembe-ullisses-campbell-rebate-criticas-e-diz-que-serie-sobre-criminosos-foi-concebida-como-produto-pop.ghtml\" rel=\"nofollow noopener\" target=\"_blank\">Autor de &#8216;Trememb\u00e9&#8217;, Ullisses Campbell rebate cr\u00edticas e diz que s\u00e9rie sobre criminosos foi concebida como &#8216;produto pop&#8217;<\/a><\/li>\n<\/ul>\n<p class=\" content-text__container \" data-track-category=\"Link no Texto\" data-track-links=\"\"> Al\u00e9m de encerrar o contrato, Larissa Manoela tamb\u00e9m quer que a empresa entregue todo o material musical que ela gravou enquanto estava vinculada a eles, junto com os direitos sobre essas produ\u00e7\u00f5es. Ela ainda pede acesso aos logins e senhas das contas dela nas plataformas digitais, que, segundo a a\u00e7\u00e3o, estariam hoje sob controle da Deck Produ\u00e7\u00f5es Art\u00edsticas Ltda. <\/p>\n<p>    Moda praia: os biqu\u00ednis de Larissa Manoela           <img decoding=\"async\" id=\"image-id-tumb-93cd9e32-9919-4874-a355-c1a657434b3c\" alt=\"Larissa Manoela usou biqu\u00edni cortininha \u2014 Foto: Reprodu\u00e7\u00e3o Instagram\" src=\"https:\/\/www.europesays.com\/pt\/wp-content\/uploads\/2025\/11\/snapinsta.app-379699373-18404505886058079-3738162127502323668-n-1080.jpg\" loading=\"lazy\" height=\"1101\" width=\"1080\" data-posicao=\"1\" role=\"button\" tabindex=\"0\"\/>    <img decoding=\"async\" id=\"image-id-93cd9e32-9919-4874-a355-c1a657434b3c\" class=\"gallery-photo\" alt=\"Larissa Manoela usou biqu\u00edni cortininha \u2014 Foto: Reprodu\u00e7\u00e3o Instagram\" src=\"https:\/\/www.europesays.com\/pt\/wp-content\/uploads\/2025\/11\/1763500346_564_snapinsta.app-379699373-18404505886058079-3738162127502323668-n-1080.jpg\" loading=\"lazy\" height=\"1101\" width=\"1080\"\/>  <\/p>\n<p> 1 de 13 <br \/>&#13;Larissa Manoela usou biqu\u00edni cortininha \u2014 Foto: Reprodu\u00e7\u00e3o Instagram <\/p>\n<p>     <img decoding=\"async\" id=\"image-id-tumb-03034e8d-0baa-46e8-8e83-a13077a63609\" alt=\"Larissa Manoela busca biqu\u00ednis em alta para arrasar no look  \u2014 Foto: Reprodu\u00e7\u00e3o Instagram\" src=\"https:\/\/www.europesays.com\/pt\/wp-content\/uploads\/2025\/11\/snapinsta.app-379686846-18404505868058079-3838970371088462246-n-1080.jpg\" loading=\"lazy\" height=\"1101\" width=\"1080\" data-posicao=\"2\" role=\"button\" tabindex=\"0\"\/>    <img decoding=\"async\" id=\"image-id-03034e8d-0baa-46e8-8e83-a13077a63609\" class=\"gallery-photo\" alt=\"Larissa Manoela busca biqu\u00ednis em alta para arrasar no look  \u2014 Foto: Reprodu\u00e7\u00e3o Instagram\" src=\"https:\/\/www.europesays.com\/pt\/wp-content\/uploads\/2025\/11\/1763500347_386_snapinsta.app-379686846-18404505868058079-3838970371088462246-n-1080.jpg\" loading=\"lazy\" height=\"1101\" width=\"1080\"\/>  <\/p>\n<p> 2 de 13 <br \/>&#13;Larissa Manoela busca biqu\u00ednis em alta para arrasar no look \u2014 Foto: Reprodu\u00e7\u00e3o Instagram <\/p>\n<p>     Pular    <\/p>\n<p> X de 13 <br \/>Publicidade <\/p>\n<p>      <img decoding=\"async\" id=\"image-id-tumb-f6e72ba3-0000-4756-b909-c5adbc8929c8\" alt=\"Os biqu\u00ednis de Larissa Manoela servem de inspira\u00e7\u00e3o \u2014 Foto: Reprodu\u00e7\u00e3o Instagram\" src=\"https:\/\/www.europesays.com\/pt\/wp-content\/uploads\/2025\/11\/snapinsta.app-427941870-18432436690058079-8707887581940985110-n-1024.jpg\" loading=\"lazy\" height=\"1350\" width=\"1080\" data-posicao=\"3\" role=\"button\" tabindex=\"0\"\/>    <img decoding=\"async\" id=\"image-id-f6e72ba3-0000-4756-b909-c5adbc8929c8\" class=\"gallery-photo\" alt=\"Os biqu\u00ednis de Larissa Manoela servem de inspira\u00e7\u00e3o \u2014 Foto: Reprodu\u00e7\u00e3o Instagram\" src=\"https:\/\/www.europesays.com\/pt\/wp-content\/uploads\/2025\/11\/1763500348_810_snapinsta.app-427941870-18432436690058079-8707887581940985110-n-1024.jpg\" loading=\"lazy\" height=\"1350\" width=\"1080\"\/>  <\/p>\n<p> 3 de 13 <br \/>&#13;Os biqu\u00ednis de Larissa Manoela servem de inspira\u00e7\u00e3o \u2014 Foto: Reprodu\u00e7\u00e3o Instagram <\/p>\n<p>      <img decoding=\"async\" id=\"image-id-30f3ee25-3fd3-4bf0-9b6d-33b4d8241197\" class=\"gallery-photo\" alt=\"A cole\u00e7\u00e3o de biqu\u00edni Larissa Manoela \u00e9 bem diversificada \u2014 Foto: Reprodu\u00e7\u00e3o Instagram\" src=\"https:\/\/www.europesays.com\/pt\/wp-content\/uploads\/2025\/11\/snapinsta.app-438302054-18449635888058079-8873110565858156879-n-1024.jpg\" loading=\"lazy\" height=\"1255\" width=\"1080\"\/>  <\/p>\n<p> 4 de 13 <br \/>&#13;A cole\u00e7\u00e3o de biqu\u00edni Larissa Manoela \u00e9 bem diversificada \u2014 Foto: Reprodu\u00e7\u00e3o Instagram <\/p>\n<p>     Pular    <\/p>\n<p> X de 13 <br \/>Publicidade <\/p>\n<p>      <img decoding=\"async\" id=\"image-id-78d77b3f-a1ca-4a45-a8d5-5401b8b68061\" class=\"gallery-photo\" alt=\"Modelos de biqu\u00ednis usados por Larissa Manoela \u2014 Foto: Reprodu\u00e7\u00e3o Instagram\" src=\"https:\/\/www.europesays.com\/pt\/wp-content\/uploads\/2025\/11\/snapinsta.app-448259118-18458290489058079-3786093580251603853-n-1024.jpg\" loading=\"lazy\" height=\"1349\" width=\"1080\"\/>  <\/p>\n<p> 5 de 13 <br \/>&#13;Modelos de biqu\u00ednis usados por Larissa Manoela \u2014 Foto: Reprodu\u00e7\u00e3o Instagram <\/p>\n<p>      <img decoding=\"async\" id=\"image-id-6ea103d7-9bbc-439f-8ea1-41024e9b41dd\" class=\"gallery-photo\" alt=\"Larissa Manoela entrou no radar da moda praia \u2014 Foto: Reprodu\u00e7\u00e3o Instagram\" src=\"https:\/\/www.europesays.com\/pt\/wp-content\/uploads\/2025\/11\/snapinsta.app-438241463-18448569013058079-2357980600639772418-n-1080.jpg\" loading=\"lazy\" height=\"1080\" width=\"1080\"\/>  <\/p>\n<p> 6 de 13 <br \/>&#13;Larissa Manoela entrou no radar da moda praia \u2014 Foto: Reprodu\u00e7\u00e3o Instagram <\/p>\n<p>     Pular    <\/p>\n<p> X de 13 <br \/>Publicidade <\/p>\n<p>      <img decoding=\"async\" id=\"image-id-2680950c-a89d-49a8-97a2-2ff093e7eb9c\" class=\"gallery-photo\" alt=\"Larissa Manoela mostra criatividade e personalidade em suas composi\u00e7\u00f5es \u2014 Foto: Reprodu\u00e7\u00e3o Instagram\" src=\"https:\/\/www.europesays.com\/pt\/wp-content\/uploads\/2025\/11\/snapinsta.app-425734515-18431355709058079-3494955577280665002-n-1024.jpg\" loading=\"lazy\" height=\"1350\" width=\"1080\"\/>  <\/p>\n<p> 7 de 13 <br \/>&#13;Larissa Manoela mostra criatividade e personalidade em suas composi\u00e7\u00f5es \u2014 Foto: Reprodu\u00e7\u00e3o Instagram <\/p>\n<p>      <img decoding=\"async\" id=\"image-id-b68eda37-ae8c-453f-9322-bb9a1a0cce43\" class=\"gallery-photo\" alt=\"Larissa Manoela sempre surge com um modelo de biqu\u00edni diferente \u2014 Foto: Reprodu\u00e7\u00e3o Instagram\" src=\"https:\/\/www.europesays.com\/pt\/wp-content\/uploads\/2025\/11\/snapinsta.app-438263281-18449635897058079-2207019328751078512-n-1024.jpg\" loading=\"lazy\" height=\"1259\" width=\"1080\"\/>  <\/p>\n<p> 8 de 13 <br \/>&#13;Larissa Manoela sempre surge com um modelo de biqu\u00edni diferente \u2014 Foto: Reprodu\u00e7\u00e3o Instagram <\/p>\n<p>     Pular    <\/p>\n<p> X de 13 <br \/>Publicidade <\/p>\n<p>      <img decoding=\"async\" id=\"image-id-1690b156-c811-40f8-98e7-9417e6217e7f\" class=\"gallery-photo\" alt=\"Larissa Manoela \u00e9 refer\u00eancia em moda praia \u2014 Foto: Reprodu\u00e7\u00e3o Instagram\" src=\"https:\/\/www.europesays.com\/pt\/wp-content\/uploads\/2025\/11\/snapinsta.app-222712003-1231794103939596-5242413689203287787-n-1024.jpg\" loading=\"lazy\" height=\"1350\" width=\"1080\"\/>  <\/p>\n<p> 9 de 13 <br \/>&#13;Larissa Manoela \u00e9 refer\u00eancia em moda praia \u2014 Foto: Reprodu\u00e7\u00e3o Instagram <\/p>\n<p>      <img decoding=\"async\" id=\"image-id-bd9eba6a-1cb3-442d-aa72-dc7ba3cd6198\" class=\"gallery-photo\" alt=\"Biqu\u00ednis de Larissa Manoela fazem sucesso na web \u2014 Foto: Reprodu\u00e7\u00e3o Instagram\" src=\"https:\/\/www.europesays.com\/pt\/wp-content\/uploads\/2025\/11\/snapinsta.app-262568011-507004726995354-1306659029777401112-n-1024.jpg\" loading=\"lazy\" height=\"1350\" width=\"1080\"\/>  <\/p>\n<p> 10 de 13 <br \/>&#13;Biqu\u00ednis de Larissa Manoela fazem sucesso na web \u2014 Foto: Reprodu\u00e7\u00e3o Instagram <\/p>\n<p>     Pular    <\/p>\n<p> X de 13 <br \/>Publicidade <\/p>\n<p>      <img decoding=\"async\" id=\"image-id-0f73254c-bb45-476e-99eb-eaa537fceccb\" class=\"gallery-photo\" alt=\"A estampa xadrez foi aposta de Larissa Manoela para biqu\u00edni \u2014 Foto: Reprodu\u00e7\u00e3o Instagram\" src=\"https:\/\/www.europesays.com\/pt\/wp-content\/uploads\/2025\/11\/larissa-2-1-.jpg\" loading=\"lazy\" height=\"1600\" width=\"1280\"\/>  <\/p>\n<p> 11 de 13 <br \/>&#13;A estampa xadrez foi aposta de Larissa Manoela para biqu\u00edni \u2014 Foto: Reprodu\u00e7\u00e3o Instagram <\/p>\n<p>      <img decoding=\"async\" id=\"image-id-17774041-c6ba-4fc1-91d4-9e7a6439cf9e\" class=\"gallery-photo\" alt=\"Larissa Manoela usou biqu\u00edni texturizado com calcinha de amarra\u00e7\u00e3o \u2014 Foto: Reprodu\u00e7\u00e3o Instagram\" src=\"https:\/\/www.europesays.com\/pt\/wp-content\/uploads\/2025\/11\/larissa-2.jpg\" loading=\"lazy\" height=\"1600\" width=\"1280\"\/>  <\/p>\n<p> 12 de 13 <br \/>&#13;Larissa Manoela usou biqu\u00edni texturizado com calcinha de amarra\u00e7\u00e3o \u2014 Foto: Reprodu\u00e7\u00e3o Instagram <\/p>\n<p>     Pular    <\/p>\n<p> X de 13 <br \/>Publicidade <\/p>\n<p>      <img decoding=\"async\" id=\"image-id-b5953875-e584-4777-a775-80c2dc3542c4\" class=\"gallery-photo\" alt=\"Larissa Manoela roubou a cena com biqu\u00edni animal print \u2014 Foto: Reprodu\u00e7\u00e3o Instagram\" src=\"https:\/\/www.europesays.com\/pt\/wp-content\/uploads\/2025\/11\/larissa-2-.jpg\" loading=\"lazy\" height=\"1599\" width=\"1280\"\/>  <\/p>\n<p> 13 de 13 <br \/>&#13;Larissa Manoela roubou a cena com biqu\u00edni animal print \u2014 Foto: Reprodu\u00e7\u00e3o Instagram <\/p>\n<p>Atriz aposta em pe\u00e7as que fazem sucesso nas redes<\/p>\n<p class=\" content-text__container \" data-track-category=\"Link no Texto\" data-track-links=\"\"> Em abril deste ano, Larissa j\u00e1 havia obtido na Justi\u00e7a a extin\u00e7\u00e3o do contrato de exclusividade \u2014 de car\u00e1ter vital\u00edcio \u2014 firmado pela empresa em 2012, quando ela tinha apenas 11 anos. Agora, a defesa busca o reconhecimento de que a rela\u00e7\u00e3o contratual tamb\u00e9m causou danos de ordem moral. <\/p>\n<p>Entenda por que Larissa Manoela rompeu com os pais<\/p>\n<p class=\" content-text__container \" data-track-category=\"Link no Texto\" data-track-links=\"\"> Em agosto de 2023, circulou a not\u00edcia de que Larissa Manoela, ent\u00e3o com 22 anos, havia rompido com os pais, Silvana Taques e Gilberto Elias, que haviam cuidado de toda a carreira dela at\u00e9 aquele momento. <\/p>\n<p class=\" content-text__container \" data-track-category=\"Link no Texto\" data-track-links=\"\"> Em entrevista ao Fant\u00e1stico, \u00e0 \u00e9poca, a atriz explicou que n\u00e3o estava satisfeita com a condu\u00e7\u00e3o de seus neg\u00f3cios e que decidiu tomar as r\u00e9deas da pr\u00f3pria carreira, o que desagradou a fam\u00edlia. O casal cuidava dos contratos dela a partir de tr\u00eas empresas. <\/p>\n<p>      <img decoding=\"async\" class=\"content-media__image\"  src=\"https:\/\/www.europesays.com\/pt\/wp-content\/uploads\/2025\/11\/snapinsta.app-464691789-18484339957058079-7923502491987977446-n-1080.jpg\" alt=\"Larissa Manoela e o marido Andr\u00e9 Luiz Frambach \u2014 Foto: Reprodu\u00e7\u00e3o\/Instagram\" width=\"1080\" height=\"1349\" loading=\"lazy\"\/>  Larissa Manoela e o marido Andr\u00e9 Luiz Frambach \u2014 Foto: Reprodu\u00e7\u00e3o\/Instagram       <\/p>\n<p class=\" content-text__container \" data-track-category=\"Link no Texto\" data-track-links=\"\"> Larissa Manoela era s\u00f3cia de tr\u00eas empresas, uma delas chamada Dalari, aberta por Silvana e Gilberto em outubro de 2014, quando a atriz tinha apenas 13 anos. \u00c9 pela Dalari que passava grande volume dos contratos da artista e estava a maioria do patrim\u00f4nio que ela adquiriu em 18 anos de trabalho. <\/p>\n<p class=\" content-text__container \" data-track-category=\"Link no Texto\" data-track-links=\"\"> Os pais contaram \u00e0 filha que cada um dos tr\u00eas tinha partes iguais na empresa: 33,33%. Mas, quando Larissa procurou contadores, descobriu que ela era dona de apenas 2% de participa\u00e7\u00e3o. <\/p>\n<p>    Conhe\u00e7a a casa de R$ 4 milh\u00f5es de Larissa Manoela         <\/p>\n<p>Atriz mora em uma mans\u00e3o no Rio de Janeiro<\/p>\n<p class=\" content-text__container \" data-track-category=\"Link no Texto\" data-track-links=\"\"> Numa segunda empresa, de acordo com as revela\u00e7\u00f5es feitas ao Fant\u00e1stico, Larissa era a \u00fanica dona. Por\u00e9m, havia uma cl\u00e1usula que dava aos seus pais plenos poderes para fazer negocia\u00e7\u00f5es sem autoriza\u00e7\u00e3o dela. <\/p>\n<p class=\" content-text__container \" data-track-category=\"Link no Texto\" data-track-links=\"\"> \u201cEu era a \u00fanica s\u00f3cia, mas eles eram 100% administradores dessa empresa. Por isso que eu era s\u00f3 comunicada. Eles podiam decidir, assinar e se comprometer por mim\u201d, disse a atriz. <\/p>\n<p class=\" content-text__container \" data-track-category=\"Link no Texto\" data-track-links=\"\"> Numa terceira empresa, dividida em tr\u00eas partes iguais e criada em maio de 2022, a ideia era reunir todo o patrim\u00f4nio da primeira empresa, mas Larissa disse que isso nunca aconteceu de fato. <\/p>\n<p class=\" content-text__container \" data-track-category=\"Link no Texto\" data-track-links=\"\"> Com uma pr\u00f3pria equipe de advogados, Larissa Manoela se reuniu com os pais em mar\u00e7o deste ano para chegar a um acordo em rela\u00e7\u00e3o \u00e0 primeira empresa. Primeiro, ela prop\u00f4s 60% para ela, 40% para os pais. Eles pediram o contr\u00e1rio. Depois, chegou-se ao valor de meio a meio, mas eles queriam 6% dos ganhos de Larissa pelos pr\u00f3ximos dez anos. Ela n\u00e3o aceitou e tirou os dois da administra\u00e7\u00e3o da empresa individual. Come\u00e7ou a renegociar os contratos feitos com a Dalari para lev\u00e1-los para a empresa em que ela concentrar\u00e1, a partir de agora, sua carreira. <\/p>\n<p>Quanto Larissa Manoela deixou para os pais?<\/p>\n<p class=\" content-text__container \" data-track-category=\"Link no Texto\" data-track-links=\"\"> Larissa Manoela deixou com os pais R$ 18 milh\u00f5es de seu patrim\u00f4nio. <\/p>\n<p class=\" content-text__container \" data-track-category=\"Link no Texto\" data-track-links=\"\"> &#8220;Eu tenho a plena consci\u00eancia de que essa minha escolha \u00e9 pra dar o conforto necess\u00e1rio para os meus pais&#8221;, disse Larissa, sobre a decis\u00e3o de abrir m\u00e3o de milh\u00f5es. <\/p>\n","protected":false},"excerpt":{"rendered":"A atriz e cantora Larissa Manoela exige R$ 100 mil por danos morais num processo judicial que ela&hellip;\n","protected":false},"author":2,"featured_media":156939,"comment_status":"","ping_status":"","sticky":false,"template":"","format":"standard","meta":{"footnotes":""},"categories":[145],"tags":[211,210,114,115,9750,29571,29572,32,33],"class_list":{"0":"post-156938","1":"post","2":"type-post","3":"status-publish","4":"format-standard","5":"has-post-thumbnail","7":"category-celebridades","8":"tag-celebridades","9":"tag-celebrities","10":"tag-entertainment","11":"tag-entretenimento","12":"tag-larissa-manoela","13":"tag-larissa-manoela-e-atriz-e-cantora","14":"tag-nascida-no-parana","15":"tag-portugal","16":"tag-pt"},"share_on_mastodon":{"url":"https:\/\/pubeurope.com\/@pt\/115572765543956571","error":""},"_links":{"self":[{"href":"https:\/\/www.europesays.com\/pt\/wp-json\/wp\/v2\/posts\/156938","targetHints":{"allow":["GET"]}}],"collection":[{"href":"https:\/\/www.europesays.com\/pt\/wp-json\/wp\/v2\/posts"}],"about":[{"href":"https:\/\/www.europesays.com\/pt\/wp-json\/wp\/v2\/types\/post"}],"author":[{"embeddable":true,"href":"https:\/\/www.europesays.com\/pt\/wp-json\/wp\/v2\/users\/2"}],"replies":[{"embeddable":true,"href":"https:\/\/www.europesays.com\/pt\/wp-json\/wp\/v2\/comments?post=156938"}],"version-history":[{"count":0,"href":"https:\/\/www.europesays.com\/pt\/wp-json\/wp\/v2\/posts\/156938\/revisions"}],"wp:featuredmedia":[{"embeddable":true,"href":"https:\/\/www.europesays.com\/pt\/wp-json\/wp\/v2\/media\/156939"}],"wp:attachment":[{"href":"https:\/\/www.europesays.com\/pt\/wp-json\/wp\/v2\/media?parent=156938"}],"wp:term":[{"taxonomy":"category","embeddable":true,"href":"https:\/\/www.europesays.com\/pt\/wp-json\/wp\/v2\/categories?post=156938"},{"taxonomy":"post_tag","embeddable":true,"href":"https:\/\/www.europesays.com\/pt\/wp-json\/wp\/v2\/tags?post=156938"}],"curies":[{"name":"wp","href":"https:\/\/api.w.org\/{rel}","templated":true}]}}