{"id":156940,"date":"2025-11-18T21:16:06","date_gmt":"2025-11-18T21:16:06","guid":{"rendered":"https:\/\/www.europesays.com\/pt\/156940\/"},"modified":"2025-11-18T21:16:06","modified_gmt":"2025-11-18T21:16:06","slug":"secret-story-apos-dois-meses-e-o-fim-do-noivado-liliana-recebe-mensagem-da-familia-e-acaba-em-lagrimas","status":"publish","type":"post","link":"https:\/\/www.europesays.com\/pt\/156940\/","title":{"rendered":"&#8220;Secret Story&#8221;: ap\u00f3s dois meses e o fim do noivado, Liliana recebe mensagem da fam\u00edlia&#8230; e acaba em l\u00e1grimas!"},"content":{"rendered":"<p>Um dos momentos mais desejados por <a href=\"https:\/\/selfie.iol.pt\/famosos\/casa-dos-segredos-9\/secret-story-pedro-jorge-recusa-ir-com-liliana-para-quarto-secreto-e-recebe-castigo-da-voz\/20251113\/6916593bd34e2bd5c6d3fb21\" target=\"_blank\" rel=\"nofollow noopener\">Liliana<\/a> concretizou-se na gala deste domingo, dia 16, de &#8220;<a href=\"https:\/\/tvi.iol.pt\/secretstory\/\" target=\"_blank\" rel=\"nofollow noopener\">Secret Story &#8211; Casa dos Segredos<\/a>&#8220;: finalmente, a concorrente p\u00f4de ler uma mensagem da fam\u00edlia, ap\u00f3s dois meses sem receber not\u00edcias dos entes queridos &#8211; e depois de ter terminado o noivado com <a href=\"https:\/\/selfie.iol.pt\/famosos\/secret-story-casa-dos-segredos-9\/ui-nem-imagina-com-quem-ze-ex-noivo-de-liliana-celebrou-o-dia-dos-solteiros\/20251112\/6914cccfd34e2bd5c6d3eede\" target=\"_blank\" rel=\"nofollow noopener\">Z\u00e9<\/a>.<\/p>\n<p>Depois de F\u00e1bio ter-se colocado em risco para ser nomeado para que Liliana lesse essa carta, a jovem dirigiu-se ao confession\u00e1rio e, emocionada, leu em voz alta as palavras da fam\u00edlia.<\/p>\n<p>&#8220;Sabemos que esta mensagem podia e talvez devesse ter chegado mais cedo, mas a verdade \u00e9 que precis\u00e1mos de algum tempo para digerir tudo o que tem acontecido desde a tua entrada. O sil\u00eancio da nossa parte n\u00e3o foi desinteresse, nem frieza. Foi um sil\u00eancio de reflex\u00e3o, de prote\u00e7\u00e3o e, acima de tudo, de respeito pelo teu caminho&#8221;, come\u00e7ou por ler Liliana.<\/p>\n<p>&#8220;Nunca deix\u00e1mos de te acompanhar, de te ouvir e de te sentir. Mas \u00e0s vezes o amor tamb\u00e9m precisa de espa\u00e7o e quisemos dar-te espa\u00e7o para seres quem \u00e9s, mesmo que, por vezes, n\u00e3o compreendamos tudo o que te faz agir como ages. O amor de uma fam\u00edlia n\u00e3o desaparece com os erros, as d\u00favidas e os julgamentos alheios. Somos humanos e imperfeitos como tu. Queremos que saibas que sempre estivemos aqui&#8221;, acrescentou essa mensagem, que ainda sublinhou: &#8220;Continuamos a torcer por ti e n\u00e3o apenas no jogo. Na vida. Porque quando sa\u00edres de casa, independentemente do desfecho, o mais importante vai ser reconstruirmos o que for preciso com verdade, maturidade e amor.&#8221;<\/p>\n<p>&#8220;Recebe um abra\u00e7o cheio de saudades, com tudo o que n\u00e3o conseguimos dizer antes. Estamos contigo, mesmo quando n\u00e3o sabes&#8221;, terminou de ler Liliana, j\u00e1 em l\u00e1grimas.<\/p>\n<p>Veja, agora, algumas das melhores imagens de Liliana na galeria de fotografias que prepar\u00e1mos para si.<\/p>\n","protected":false},"excerpt":{"rendered":"Um dos momentos mais desejados por Liliana concretizou-se na gala deste domingo, dia 16, de &#8220;Secret Story &#8211;&hellip;\n","protected":false},"author":2,"featured_media":156941,"comment_status":"","ping_status":"","sticky":false,"template":"","format":"standard","meta":{"footnotes":""},"categories":[142],"tags":[2632,114,115,981,980,19016,619,32,33,1014,1315,1012,151,162],"class_list":{"0":"post-156940","1":"post","2":"type-post","3":"status-publish","4":"format-standard","5":"has-post-thumbnail","7":"category-tv","8":"tag-casa-dos-segredos","9":"tag-entertainment","10":"tag-entretenimento","11":"tag-familia","12":"tag-famosos","13":"tag-liliana","14":"tag-nacional","15":"tag-portugal","16":"tag-pt","17":"tag-reality-show","18":"tag-secret-story","19":"tag-selfie","20":"tag-tv","21":"tag-tvi"},"share_on_mastodon":{"url":"https:\/\/pubeurope.com\/@pt\/115572780736129765","error":""},"_links":{"self":[{"href":"https:\/\/www.europesays.com\/pt\/wp-json\/wp\/v2\/posts\/156940","targetHints":{"allow":["GET"]}}],"collection":[{"href":"https:\/\/www.europesays.com\/pt\/wp-json\/wp\/v2\/posts"}],"about":[{"href":"https:\/\/www.europesays.com\/pt\/wp-json\/wp\/v2\/types\/post"}],"author":[{"embeddable":true,"href":"https:\/\/www.europesays.com\/pt\/wp-json\/wp\/v2\/users\/2"}],"replies":[{"embeddable":true,"href":"https:\/\/www.europesays.com\/pt\/wp-json\/wp\/v2\/comments?post=156940"}],"version-history":[{"count":0,"href":"https:\/\/www.europesays.com\/pt\/wp-json\/wp\/v2\/posts\/156940\/revisions"}],"wp:featuredmedia":[{"embeddable":true,"href":"https:\/\/www.europesays.com\/pt\/wp-json\/wp\/v2\/media\/156941"}],"wp:attachment":[{"href":"https:\/\/www.europesays.com\/pt\/wp-json\/wp\/v2\/media?parent=156940"}],"wp:term":[{"taxonomy":"category","embeddable":true,"href":"https:\/\/www.europesays.com\/pt\/wp-json\/wp\/v2\/categories?post=156940"},{"taxonomy":"post_tag","embeddable":true,"href":"https:\/\/www.europesays.com\/pt\/wp-json\/wp\/v2\/tags?post=156940"}],"curies":[{"name":"wp","href":"https:\/\/api.w.org\/{rel}","templated":true}]}}