{"id":156942,"date":"2025-11-18T21:18:08","date_gmt":"2025-11-18T21:18:08","guid":{"rendered":"https:\/\/www.europesays.com\/pt\/156942\/"},"modified":"2025-11-18T21:18:08","modified_gmt":"2025-11-18T21:18:08","slug":"execucao-e-classificado-como-improprio-para-menores","status":"publish","type":"post","link":"https:\/\/www.europesays.com\/pt\/156942\/","title":{"rendered":"Execu\u00e7\u00e3o \u00e9 classificado como impr\u00f3prio para menores"},"content":{"rendered":"<p>O filme\u00a0<strong>Jujutsu Kaisen: Execu\u00e7\u00e3o\u00a0<\/strong>foi classificado como impr\u00f3prio para menores de 18 anos no Brasil.[<\/p>\n<p>O Minist\u00e9rio da Justi\u00e7a embasa seu parecer na presen\u00e7a de &#8220;linguagem impr\u00f3pria, viol\u00eancia extrema, autoagress\u00e3o ou suic\u00eddio&#8221; no conte\u00fado do longa.<\/p>\n<p>            Continua depois da Publicidade<\/p>\n<p>Execu\u00e7\u00e3o\u00a0compila os epis\u00f3dios da segunda temporada do anime\u00a0<strong>Jujutsu Kaisen<\/strong>, al\u00e9m de trazer os dois primeiros cap\u00edtulos do ainda in\u00e9dito terceiro ano.<\/p>\n<p>A estreia nos cinemas nacionais est\u00e1 marcada para 20 de novembro.<\/p>\n<p>    <strong>Tudo sobre\u00a0Jujutsu Kaisen<\/strong><\/p>\n<p>O anime estreou em outubro de 2020 com 24 epis\u00f3dios. O primeiro filme, <strong>Jujutsu Kaisen 0<\/strong>, estreou em dezembro de 2021. Quase dois anos depois, em julho de 2023, a segunda temporada chegou.<\/p>\n<p>            Continua depois da Publicidade<\/p>\n<p>Jujutsu Kaisen\u00a0\u00e9 um anime que conta a hist\u00f3ria de Yuji Itadori, que engole o dedo do dem\u00f4nio Sukuna e passa a dividir seu corpo com a entidade, ganhando diversos poderes. Com o tempo ele integra um grupo de Feiticeiros Jujutsu e come\u00e7a a realizar miss\u00f5es pelo Jap\u00e3o, para proteger a humanidade.<\/p>\n<p>O anime \u00e9 lan\u00e7ado originalmente no Brasil pela Crunchyroll, mas tamb\u00e9m pode ser visto na Netflix e, em breve, na Globoplay. O mang\u00e1 \u00e9 publicado por aqui pela editora Panini.<\/p>\n<p>A nova temporada, vale lembrar, segue com sua estreia confirmada para janeiro de 2026.<\/p>\n","protected":false},"excerpt":{"rendered":"O filme\u00a0Jujutsu Kaisen: Execu\u00e7\u00e3o\u00a0foi classificado como impr\u00f3prio para menores de 18 anos no Brasil.[ O Minist\u00e9rio da Justi\u00e7a&hellip;\n","protected":false},"author":2,"featured_media":156943,"comment_status":"","ping_status":"","sticky":false,"template":"","format":"standard","meta":{"footnotes":""},"categories":[140],"tags":[114,115,147,148,146,32,33],"class_list":{"0":"post-156942","1":"post","2":"type-post","3":"status-publish","4":"format-standard","5":"has-post-thumbnail","7":"category-filmes","8":"tag-entertainment","9":"tag-entretenimento","10":"tag-film","11":"tag-filmes","12":"tag-movies","13":"tag-portugal","14":"tag-pt"},"share_on_mastodon":{"url":"https:\/\/pubeurope.com\/@pt\/115572788948959800","error":""},"_links":{"self":[{"href":"https:\/\/www.europesays.com\/pt\/wp-json\/wp\/v2\/posts\/156942","targetHints":{"allow":["GET"]}}],"collection":[{"href":"https:\/\/www.europesays.com\/pt\/wp-json\/wp\/v2\/posts"}],"about":[{"href":"https:\/\/www.europesays.com\/pt\/wp-json\/wp\/v2\/types\/post"}],"author":[{"embeddable":true,"href":"https:\/\/www.europesays.com\/pt\/wp-json\/wp\/v2\/users\/2"}],"replies":[{"embeddable":true,"href":"https:\/\/www.europesays.com\/pt\/wp-json\/wp\/v2\/comments?post=156942"}],"version-history":[{"count":0,"href":"https:\/\/www.europesays.com\/pt\/wp-json\/wp\/v2\/posts\/156942\/revisions"}],"wp:featuredmedia":[{"embeddable":true,"href":"https:\/\/www.europesays.com\/pt\/wp-json\/wp\/v2\/media\/156943"}],"wp:attachment":[{"href":"https:\/\/www.europesays.com\/pt\/wp-json\/wp\/v2\/media?parent=156942"}],"wp:term":[{"taxonomy":"category","embeddable":true,"href":"https:\/\/www.europesays.com\/pt\/wp-json\/wp\/v2\/categories?post=156942"},{"taxonomy":"post_tag","embeddable":true,"href":"https:\/\/www.europesays.com\/pt\/wp-json\/wp\/v2\/tags?post=156942"}],"curies":[{"name":"wp","href":"https:\/\/api.w.org\/{rel}","templated":true}]}}