{"id":15695,"date":"2025-08-04T15:02:16","date_gmt":"2025-08-04T15:02:16","guid":{"rendered":"https:\/\/www.europesays.com\/pt\/15695\/"},"modified":"2025-08-04T15:02:16","modified_gmt":"2025-08-04T15:02:16","slug":"autonomia-das-armas-e-violencia-inteligente-reforcam-a-geopolitica-virtual-jornal-da-usp","status":"publish","type":"post","link":"https:\/\/www.europesays.com\/pt\/15695\/","title":{"rendered":"Autonomia das armas e viol\u00eancia inteligente refor\u00e7am a geopol\u00edtica virtual \u2013 Jornal da USP"},"content":{"rendered":"<p>\t&#13;<br \/>\n&#13;<br \/>\n&#13;<br \/>\n&#13;<br \/>\n&#13;<br \/>\n&#13;<br \/>\n&#13;<br \/>\n&#13;<br \/>\n&#13;<\/p>\n<p>Tecnologias militares avan\u00e7adas e estrat\u00e9gias virtuais desafiam fronteiras entre realidade e fic\u00e7\u00e3o, com impactos diretos na pol\u00edtica internacional e nacional<\/p>\n<p>&#13;<br \/>\n&#13;<br \/>\n&#13;<br \/>\n \u00a0Publicado: 04\/08\/2025 \u00e0s 10:57&#13;<br \/>\n&#13;<br \/>\n&#13;<br \/>\n&#13;<br \/>\n&#13;<\/p>\n<p>\t\t       Por <a href=\"https:\/\/jornal.usp.br\/author\/silemusp-br\/\" title=\"Posts de Simone Lemos\" rel=\"author nofollow noopener\" itemprop=\"author\" itemscope=\"itemscope\" itemtype=\"https:\/\/schema.org\/Person\" target=\"_blank\">Simone Lemos<\/a><\/p>\n<p><a href=\"https:\/\/jornal.usp.br\/radio-usp\/perfis\/gilson-schwartz\/\" rel=\"nofollow noopener\" target=\"_blank\"><img loading=\"lazy\" decoding=\"async\" class=\"aligncenter size-full wp-image-155067\" src=\"https:\/\/www.europesays.com\/pt\/wp-content\/uploads\/2025\/08\/20230315_gilson.jpg\" alt=\"\" width=\"789\" height=\"112\" data-id=\"155067\"\/><\/a><\/p>\n<p><a href=\"https:\/\/jornal.usp.br\/radiousp-sp-aovivo.html\" target=\"_blank\" rel=\"nofollow noopener\"><img decoding=\"async\" src=\"https:\/\/www.europesays.com\/pt\/wp-content\/uploads\/2025\/07\/radio-usp-ao-vivo.gif\" border=\"0\" alt=\"Logo da R\u00e1dio USP\" title=\"Logo da R\u00e1dio USP\"\/><\/a><\/p>\n<p dir=\"ltr\">As rela\u00e7\u00f5es entre os pa\u00edses, a conquista e o dom\u00ednio de territ\u00f3rios e o controle de popula\u00e7\u00f5es tornam-se cada vez mais digitais. Drones, rob\u00f4s e armas cibern\u00e9ticas j\u00e1 atuam com pouca interven\u00e7\u00e3o humana, embora a autonomia total ainda seja mais fic\u00e7\u00e3o que realidade. O livro\u00a0As Realidades das Armas Aut\u00f4nomas\u00a0mostra como decis\u00f5es militares envolvem tanto aspectos t\u00e9cnicos quanto simula\u00e7\u00f5es imaginativas.<\/p>\n<p dir=\"ltr\"><a href=\"https:\/\/bristoluniversitypressdigital.com\/edcollchap-oa\/book\/9781529237191\/ch001.xml\" target=\"_blank\" rel=\"noopener nofollow\" data-saferedirecturl=\"https:\/\/www.google.com\/url?q=https:\/\/bristoluniversitypressdigital.com\/edcollchap-oa\/book\/9781529237191\/ch001.xml&amp;source=gmail&amp;ust=1754401782331000&amp;usg=AOvVaw0Y2ZqlipxK9iZoZOehc9T6\">https:\/\/bristoluniversitypressdigital.com\/edcollchap-oa\/book\/9781529237191\/ch001.xml<\/a><\/p>\n<p><strong> Iconomia\u00a0<\/strong><br \/>A coluna <a href=\"https:\/\/jornal.usp.br\/radio-usp\/perfis\/gilson-schwartz\/\" rel=\"nofollow noopener\" target=\"_blank\">Iconomia,<\/a> com o professor Gilson Schwartz, vai ao ar quinzenalmente, segunda-feira \u00e0s 8h30, na R\u00e1dio USP (S\u00e3o Paulo 93,7; Ribeir\u00e3o Preto 107,9) e tamb\u00e9m no <a href=\"https:\/\/youtu.be\/wR2FSoL9mbs\" target=\"_blank\" rel=\"noopener noreferrer nofollow\">Youtube<\/a>, com produ\u00e7\u00e3o da R\u00e1dio USP,\u00a0 Jornal da USP e TV USP.<\/p>\n<p>&#13;<br \/>\n &#13;<br \/>\n\t\t\t&#13;<br \/>\n<img loading=\"lazy\" decoding=\"async\" class=\"size-full wp-image-241132 aligncenter\" src=\"https:\/\/www.europesays.com\/pt\/wp-content\/uploads\/2025\/08\/icone_politica_de_uso_jornal_da_usp2.png\" alt=\"\" width=\"105\" height=\"104\" data-id=\"241132\"\/> <\/p>\n<p><strong>Pol\u00edtica de uso\u00a0<\/strong><br \/>A reprodu\u00e7\u00e3o de mat\u00e9rias e fotografias \u00e9 livre mediante a cita\u00e7\u00e3o do Jornal da USP e do autor. No caso dos arquivos de \u00e1udio, dever\u00e3o constar dos cr\u00e9ditos a R\u00e1dio USP e, em sendo explicitados, os autores. Para uso de arquivos de v\u00eddeo, esses cr\u00e9ditos dever\u00e3o mencionar a TV USP e, caso estejam explicitados, os autores. Fotos devem ser creditadas como USP Imagens e o nome do fot\u00f3grafo.<\/p>\n<p>&#13;<\/p>\n<p>\t\tLeia mais<\/p>\n<p>\t\t\tTalvez voc\u00ea goste tamb\u00e9m<\/p>\n","protected":false},"excerpt":{"rendered":"&#13; &#13; &#13; &#13; &#13; &#13; &#13; &#13; &#13; Tecnologias militares avan\u00e7adas e estrat\u00e9gias virtuais desafiam fronteiras entre&hellip;\n","protected":false},"author":2,"featured_media":15696,"comment_status":"","ping_status":"","sticky":false,"template":"","format":"standard","meta":{"footnotes":""},"categories":[84],"tags":[109,107,108,32,33,105,103,104,106,110],"class_list":{"0":"post-15695","1":"post","2":"type-post","3":"status-publish","4":"format-standard","5":"has-post-thumbnail","7":"category-ciencia-e-tecnologia","8":"tag-ciencia","9":"tag-ciencia-e-tecnologia","10":"tag-cienciaetecnologia","11":"tag-portugal","12":"tag-pt","13":"tag-science","14":"tag-science-and-technology","15":"tag-scienceandtechnology","16":"tag-technology","17":"tag-tecnologia"},"share_on_mastodon":{"url":"","error":""},"_links":{"self":[{"href":"https:\/\/www.europesays.com\/pt\/wp-json\/wp\/v2\/posts\/15695","targetHints":{"allow":["GET"]}}],"collection":[{"href":"https:\/\/www.europesays.com\/pt\/wp-json\/wp\/v2\/posts"}],"about":[{"href":"https:\/\/www.europesays.com\/pt\/wp-json\/wp\/v2\/types\/post"}],"author":[{"embeddable":true,"href":"https:\/\/www.europesays.com\/pt\/wp-json\/wp\/v2\/users\/2"}],"replies":[{"embeddable":true,"href":"https:\/\/www.europesays.com\/pt\/wp-json\/wp\/v2\/comments?post=15695"}],"version-history":[{"count":0,"href":"https:\/\/www.europesays.com\/pt\/wp-json\/wp\/v2\/posts\/15695\/revisions"}],"wp:featuredmedia":[{"embeddable":true,"href":"https:\/\/www.europesays.com\/pt\/wp-json\/wp\/v2\/media\/15696"}],"wp:attachment":[{"href":"https:\/\/www.europesays.com\/pt\/wp-json\/wp\/v2\/media?parent=15695"}],"wp:term":[{"taxonomy":"category","embeddable":true,"href":"https:\/\/www.europesays.com\/pt\/wp-json\/wp\/v2\/categories?post=15695"},{"taxonomy":"post_tag","embeddable":true,"href":"https:\/\/www.europesays.com\/pt\/wp-json\/wp\/v2\/tags?post=15695"}],"curies":[{"name":"wp","href":"https:\/\/api.w.org\/{rel}","templated":true}]}}