{"id":156956,"date":"2025-11-18T21:41:20","date_gmt":"2025-11-18T21:41:20","guid":{"rendered":"https:\/\/www.europesays.com\/pt\/156956\/"},"modified":"2025-11-18T21:41:20","modified_gmt":"2025-11-18T21:41:20","slug":"cha-eun-woo-faz-ensaio-acompanhado-de-seu-cachorro-para-divulgar-novo-single","status":"publish","type":"post","link":"https:\/\/www.europesays.com\/pt\/156956\/","title":{"rendered":"Cha Eun-woo faz ensaio acompanhado de seu cachorro para divulgar novo single"},"content":{"rendered":"<p>Al\u00e9m de estar cumprindo seu servi\u00e7o militar obrigat\u00f3rio,<strong> Cha Eun-woo<\/strong> tamb\u00e9m est\u00e1 cumprindo a promessa <a href=\"https:\/\/billboard.com.br\/cha-eun-woo-astro-e-proximos-projetos-solo\/\" rel=\"nofollow noopener\" target=\"_blank\">que fez aos f\u00e3s de n\u00e3o deix\u00e1-los sem novos projetos.<\/a><\/p>\n<p>  VEJA TAMB\u00c9M<\/p>\n<p>    <a href=\"https:\/\/billboard.com.br\/taeil-do-ex-nct-recorre-em-caso-de-condenacao-por-agressao-sexual\/\" rel=\"nofollow noopener\" target=\"_blank\"><img loading=\"lazy\" decoding=\"async\" width=\"180\" height=\"180\" src=\"data:image\/svg+xml,%3Csvg%20xmlns=\" http:=\"\" class=\"attachment-theissue-thumbnail-x2 size-theissue-thumbnail-x2 wp-post-image\" alt=\"Taeil, do NCT\" data-lazy- data-lazy- data-lazy-src=\"https:\/\/www.europesays.com\/pt\/wp-content\/uploads\/2025\/11\/Taeil-ex-integrante-do-NCT-SM-Entertainment_Divulgacao-180x180.webp.webp\"\/><\/a><\/p>\n<p>Prova disso \u00e9 que o cantor acaba de divulgar um ensaio que d\u00e1 detalhes de um single in\u00e9dito, \u201cSweet Papaya\u201d. A faixa faz parte do pr\u00f3ximo Mini-\u00e1lbum, \u201cElse\u201d, previsto para ser lan\u00e7ado na pr\u00f3xima sexta-feira (21).<\/p>\n<p class=\"p1\">\ud83d\udcf2 <a href=\"https:\/\/www.whatsapp.com\/channel\/0029ValKuvo4dTnMRyrLrD0W\" target=\"_blank\" rel=\"noopener nofollow\"><b>K-POP NO WHATSAPP: Participe do canal da Billboard Brasil para not\u00edcias e entrevistas exclusivas!<\/b><b\/><\/a><\/p>\n<p>Este ser\u00e1 o segundo mini-\u00e1lbum solo de Cha Eun-woo, sucessor de \u201cEntity\u201d, lan\u00e7ado em fevereiro de 2024. O novo projeto vem acompanhado de quatro m\u00fasicas in\u00e9ditas, incluindo \u201cSweet Papaya\u201d.<\/p>\n<p>Para o ensaio de divulga\u00e7\u00e3o do \u00e1lbum, Cha Eun-woo aparece acompanhado de seu cachorro, Ddongdong, em um clima fofo e descontra\u00eddo.<\/p>\n<p>Todas as faixas do segundo mini-\u00e1lbum Cha Eun-woo, assim como o videoclipe da faixa-t\u00edtulo, ser\u00e3o lan\u00e7adas no dia 21. O videoclipe de \u201cSweet Papaya\u201d ser\u00e1 lan\u00e7ado no canal oficial da Fantagio no YouTube no dia 28.<\/p>\n<p>Veja a tracklist do novo \u00e1lbum de Cha Eun-woo<\/p>\n<ul>\n<li>\u201cSweet Papaya\u201d<\/li>\n<li>\u201cSaturday Preacher\u201d<\/li>\n<li>\u201cSelfish\u201d<\/li>\n<li>\u201cThinking About U\u201d<\/li>\n<\/ul>\n<p><img loading=\"lazy\" decoding=\"async\" class=\"size-full wp-image-164398\" src=\"data:image\/svg+xml,%3Csvg%20xmlns=\" http:=\"\" alt=\"\" width=\"1412\" height=\"2048\" data-lazy- data-lazy- data-lazy-src=\"https:\/\/www.europesays.com\/pt\/wp-content\/uploads\/2025\/11\/Cha-Eun-woo-faz-ensaio-para-divulgar-nova-faixa-Divulgacao-1.webp.webp\"\/>Cha Eun-woo faz ensaio para divulgar nova faixa (Divulgac\u0327a\u0303o)<br \/>\n<img loading=\"lazy\" decoding=\"async\" class=\"size-full wp-image-164399\" src=\"data:image\/svg+xml,%3Csvg%20xmlns=\" http:=\"\" alt=\"Cha Eun-woo \" width=\"1412\" height=\"2048\" data-lazy- data-lazy- data-lazy-src=\"https:\/\/www.europesays.com\/pt\/wp-content\/uploads\/2025\/11\/Cha-Eun-woo-faz-ensaio-para-divulgar-nova-faixa-Divulgacao-2.webp.webp\"\/>Cha Eun-woo faz ensaio para divulgar nova faixa (Divulgac\u0327a\u0303o)<\/p>\n","protected":false},"excerpt":{"rendered":"Al\u00e9m de estar cumprindo seu servi\u00e7o militar obrigat\u00f3rio, Cha Eun-woo tamb\u00e9m est\u00e1 cumprindo a promessa que fez aos&hellip;\n","protected":false},"author":2,"featured_media":156957,"comment_status":"","ping_status":"","sticky":false,"template":"","format":"standard","meta":{"footnotes":""},"categories":[141],"tags":[114,115,149,150,32,33],"class_list":{"0":"post-156956","1":"post","2":"type-post","3":"status-publish","4":"format-standard","5":"has-post-thumbnail","7":"category-musica","8":"tag-entertainment","9":"tag-entretenimento","10":"tag-music","11":"tag-musica","12":"tag-portugal","13":"tag-pt"},"share_on_mastodon":{"url":"https:\/\/pubeurope.com\/@pt\/115572879125956937","error":""},"_links":{"self":[{"href":"https:\/\/www.europesays.com\/pt\/wp-json\/wp\/v2\/posts\/156956","targetHints":{"allow":["GET"]}}],"collection":[{"href":"https:\/\/www.europesays.com\/pt\/wp-json\/wp\/v2\/posts"}],"about":[{"href":"https:\/\/www.europesays.com\/pt\/wp-json\/wp\/v2\/types\/post"}],"author":[{"embeddable":true,"href":"https:\/\/www.europesays.com\/pt\/wp-json\/wp\/v2\/users\/2"}],"replies":[{"embeddable":true,"href":"https:\/\/www.europesays.com\/pt\/wp-json\/wp\/v2\/comments?post=156956"}],"version-history":[{"count":0,"href":"https:\/\/www.europesays.com\/pt\/wp-json\/wp\/v2\/posts\/156956\/revisions"}],"wp:featuredmedia":[{"embeddable":true,"href":"https:\/\/www.europesays.com\/pt\/wp-json\/wp\/v2\/media\/156957"}],"wp:attachment":[{"href":"https:\/\/www.europesays.com\/pt\/wp-json\/wp\/v2\/media?parent=156956"}],"wp:term":[{"taxonomy":"category","embeddable":true,"href":"https:\/\/www.europesays.com\/pt\/wp-json\/wp\/v2\/categories?post=156956"},{"taxonomy":"post_tag","embeddable":true,"href":"https:\/\/www.europesays.com\/pt\/wp-json\/wp\/v2\/tags?post=156956"}],"curies":[{"name":"wp","href":"https:\/\/api.w.org\/{rel}","templated":true}]}}