{"id":156958,"date":"2025-11-18T21:42:19","date_gmt":"2025-11-18T21:42:19","guid":{"rendered":"https:\/\/www.europesays.com\/pt\/156958\/"},"modified":"2025-11-18T21:42:19","modified_gmt":"2025-11-18T21:42:19","slug":"daniel-radcliffe-revela-que-enviou-carta-a-astro-mirim-que-sera-novo-harry-potter-com-um-unico-desejo-series","status":"publish","type":"post","link":"https:\/\/www.europesays.com\/pt\/156958\/","title":{"rendered":"Daniel Radcliffe revela que enviou carta a astro mirim que ser\u00e1 novo Harry Potter com um \u00fanico desejo | S\u00e9ries"},"content":{"rendered":"\n<p class=\" content-text__container \" data-track-category=\"Link no Texto\" data-track-links=\"\"> Antes de expor o pedido que fez ao garoto, Daniel Radcliffe refor\u00e7ou ainda que n\u00e3o quer \u201cser uma presen\u00e7a sombria na luz dessas crian\u00e7as\u201d. \u201cEu s\u00f3 quis escrever para ele dizendo: \u2018Espero que voc\u00ea se divirta ao m\u00e1ximo, e ainda mais do que eu \u2014 eu me diverti muito, mas espero que voc\u00ea se divirta ainda mais\u2019\u201d, lembrou ele sobre a carta. \u201cE \u00e9 verdade, eu vejo essas fotos dele e das outras crian\u00e7as e s\u00f3 quero abra\u00e7\u00e1-los.\u201d <\/p>\n","protected":false},"excerpt":{"rendered":"Antes de expor o pedido que fez ao garoto, Daniel Radcliffe refor\u00e7ou ainda que n\u00e3o quer \u201cser uma&hellip;\n","protected":false},"author":2,"featured_media":156959,"comment_status":"","ping_status":"","sticky":false,"template":"","format":"standard","meta":{"footnotes":""},"categories":[140],"tags":[114,115,147,148,146,32,33],"class_list":{"0":"post-156958","1":"post","2":"type-post","3":"status-publish","4":"format-standard","5":"has-post-thumbnail","7":"category-filmes","8":"tag-entertainment","9":"tag-entretenimento","10":"tag-film","11":"tag-filmes","12":"tag-movies","13":"tag-portugal","14":"tag-pt"},"share_on_mastodon":{"url":"https:\/\/pubeurope.com\/@pt\/115572883157380954","error":""},"_links":{"self":[{"href":"https:\/\/www.europesays.com\/pt\/wp-json\/wp\/v2\/posts\/156958","targetHints":{"allow":["GET"]}}],"collection":[{"href":"https:\/\/www.europesays.com\/pt\/wp-json\/wp\/v2\/posts"}],"about":[{"href":"https:\/\/www.europesays.com\/pt\/wp-json\/wp\/v2\/types\/post"}],"author":[{"embeddable":true,"href":"https:\/\/www.europesays.com\/pt\/wp-json\/wp\/v2\/users\/2"}],"replies":[{"embeddable":true,"href":"https:\/\/www.europesays.com\/pt\/wp-json\/wp\/v2\/comments?post=156958"}],"version-history":[{"count":0,"href":"https:\/\/www.europesays.com\/pt\/wp-json\/wp\/v2\/posts\/156958\/revisions"}],"wp:featuredmedia":[{"embeddable":true,"href":"https:\/\/www.europesays.com\/pt\/wp-json\/wp\/v2\/media\/156959"}],"wp:attachment":[{"href":"https:\/\/www.europesays.com\/pt\/wp-json\/wp\/v2\/media?parent=156958"}],"wp:term":[{"taxonomy":"category","embeddable":true,"href":"https:\/\/www.europesays.com\/pt\/wp-json\/wp\/v2\/categories?post=156958"},{"taxonomy":"post_tag","embeddable":true,"href":"https:\/\/www.europesays.com\/pt\/wp-json\/wp\/v2\/tags?post=156958"}],"curies":[{"name":"wp","href":"https:\/\/api.w.org\/{rel}","templated":true}]}}