{"id":156976,"date":"2025-11-18T21:59:08","date_gmt":"2025-11-18T21:59:08","guid":{"rendered":"https:\/\/www.europesays.com\/pt\/156976\/"},"modified":"2025-11-18T21:59:08","modified_gmt":"2025-11-18T21:59:08","slug":"nao-e-so-cristina-ferreira-tambem-maria-cerqueira-gomes-quebra-regra-do-ano-com-estes-tenis","status":"publish","type":"post","link":"https:\/\/www.europesays.com\/pt\/156976\/","title":{"rendered":"N\u00e3o \u00e9 s\u00f3 Cristina Ferreira. Tamb\u00e9m Maria Cerqueira Gomes quebra regra do ano com estes t\u00e9nis"},"content":{"rendered":"<p>2025 ficou marcado pela <a href=\"https:\/\/versa.iol.pt\/moda\/parfois\/parfois-tem-a-maior-tendencia-do-ano-num-acessorio-sem-duvida\/20250501\/6810bcd5d34ef72ee4454e25\" rel=\"nofollow noopener\" target=\"_blank\">explos\u00e3o do maximalismo<\/a>. Cores intensas, padr\u00f5es misturados e coordenados chamativos dominaram grande parte dos looks deste ano, prolongando-se mesmo com a chegada do tempo frio, quando normalmente os tons neutros voltam a destacar-se. Mas, apesar desta energia vibrante, h\u00e1 quem continue a defender uma est\u00e9tica mais discreta, vers\u00e1til e intemporal, e entre esses nomes destacam-se Cristina Ferreira e Maria Cerqueira Gomes.\u00a0<\/p>\n<p>Ao contr\u00e1rio de <a href=\"https:\/\/versa.iol.pt\/tenis\/sapatilhas\/depois-de-ana-guiomar-maria-botelho-moniz-confirma-estes-sao-os-tenis-do-outono\/20250929\/68da93b3d34ee0c2fed0ac0c\" rel=\"nofollow noopener\" target=\"_blank\">Ana Guiomar e Maria Botelho Moniz, que t\u00eam apostado cada vez mais em t\u00e9nis coloridos<\/a>, alguns at\u00e9 com detalhes em n\u00e9on, Maria Cerqueira Gomes e Cristina Ferreira quebram a regra do maximalismo e mant\u00eam-se fi\u00e9is aos seus modelos minimalistas, uma assinatura nos dias em que optam por looks mais descontra\u00eddos.<\/p>\n<p>Falamos dos t\u00e9nis New Balance 530, que j\u00e1 vimos em\u00a0<a href=\"http:\/\/versa.iol.pt\/moda\/new-balance\/tenis-de-cristina-ferreira-e-rita-pereira-podem-superar-os-ja-iconicos-adidas\/20250325\/67e29b4cd34e3f0bae9c16af\" target=\"_blank\" rel=\"nofollow noopener\">Cristina Ferreira<\/a>\u00a0diversas vezes. E, mais recentemente, voltamos a ver em Maria Cerqueira Gomes, numa fotografia que a Diretora de Entretenimento e Fic\u00e7\u00e3o da TVI partilhou.<\/p>\n<p>Por muito que os<a href=\"https:\/\/versa.iol.pt\/tenis\/sapatilhas\/ana-guiomar-queremos-os-teus-tenis-adidas-nas-proximas-estacoes\/20250903\/68b6cfd1d34ef72ee44a1088\" rel=\"nofollow noopener\" target=\"_blank\"> t\u00e9nis coloridos possam marcar a diferen\u00e7a num look<\/a>, a verdade \u00e9 que os modelos neutros continuam a ser os mais vers\u00e1teis. Funcionam sempre, combinam com qualquer coordenado, desde cal\u00e7as de ganga a op\u00e7\u00f5es para ocasi\u00f5es mais formais.<\/p>\n<p>Al\u00e9m disso, os <a href=\"https:\/\/versa.iol.pt\/cristina-ferreira\/tenis\/tenis-new-balance-de-cristina-ferreira-ja-estao-na-nossa-lista-e-ha-saldos\/20251022\/68f8bed1d34ee0c2fed18a45\" rel=\"nofollow noopener\" target=\"_blank\">New Balance 530 continuam a ser dos modelos mais procurados pelas it girls<\/a>. S\u00e3o tend\u00eancia, t\u00eam uma <a href=\"https:\/\/versa.iol.pt\/moda\/tenis\/os-tenis-mais-cool-de-2025-sienna-miller-ja-os-escolheu\/20250101\/6773ceb9d34e94b829092eab\" rel=\"nofollow noopener\" target=\"_blank\">est\u00e9tica chunky que est\u00e1 em destaque, muito gra\u00e7as \u00e0 influ\u00eancia dos anos 2000<\/a>, e continuam a conquistar quem procura conforto, estilo e aquele toque retro t\u00e3o atual nos dias que correm.<\/p>\n<p>Mas n\u00e3o os \u00fanicos. Reunimos uma galeria de imagens alguns modelos igualmente minimalistas, da New Balance \u00e0 Adidas, que prometem adaptar-se a tudo.<\/p>\n","protected":false},"excerpt":{"rendered":"2025 ficou marcado pela explos\u00e3o do maximalismo. Cores intensas, padr\u00f5es misturados e coordenados chamativos dominaram grande parte dos&hellip;\n","protected":false},"author":2,"featured_media":156977,"comment_status":"","ping_status":"","sticky":false,"template":"","format":"standard","meta":{"footnotes":""},"categories":[85],"tags":[1081,166,204,114,115,754,186,18318,1079,2350,32,33,1078,1080],"class_list":{"0":"post-156976","1":"post","2":"type-post","3":"status-publish","4":"format-standard","5":"has-post-thumbnail","7":"category-entretenimento","8":"tag-beleza","9":"tag-cristina-ferreira","10":"tag-design","11":"tag-entertainment","12":"tag-entretenimento","13":"tag-gastronomia","14":"tag-lifestyle","15":"tag-maria-cerqueira-gomes","16":"tag-moda","17":"tag-new-balance","18":"tag-portugal","19":"tag-pt","20":"tag-versa","21":"tag-viagens"},"share_on_mastodon":{"url":"https:\/\/pubeurope.com\/@pt\/115572949862551456","error":""},"_links":{"self":[{"href":"https:\/\/www.europesays.com\/pt\/wp-json\/wp\/v2\/posts\/156976","targetHints":{"allow":["GET"]}}],"collection":[{"href":"https:\/\/www.europesays.com\/pt\/wp-json\/wp\/v2\/posts"}],"about":[{"href":"https:\/\/www.europesays.com\/pt\/wp-json\/wp\/v2\/types\/post"}],"author":[{"embeddable":true,"href":"https:\/\/www.europesays.com\/pt\/wp-json\/wp\/v2\/users\/2"}],"replies":[{"embeddable":true,"href":"https:\/\/www.europesays.com\/pt\/wp-json\/wp\/v2\/comments?post=156976"}],"version-history":[{"count":0,"href":"https:\/\/www.europesays.com\/pt\/wp-json\/wp\/v2\/posts\/156976\/revisions"}],"wp:featuredmedia":[{"embeddable":true,"href":"https:\/\/www.europesays.com\/pt\/wp-json\/wp\/v2\/media\/156977"}],"wp:attachment":[{"href":"https:\/\/www.europesays.com\/pt\/wp-json\/wp\/v2\/media?parent=156976"}],"wp:term":[{"taxonomy":"category","embeddable":true,"href":"https:\/\/www.europesays.com\/pt\/wp-json\/wp\/v2\/categories?post=156976"},{"taxonomy":"post_tag","embeddable":true,"href":"https:\/\/www.europesays.com\/pt\/wp-json\/wp\/v2\/tags?post=156976"}],"curies":[{"name":"wp","href":"https:\/\/api.w.org\/{rel}","templated":true}]}}