{"id":156980,"date":"2025-11-18T22:04:34","date_gmt":"2025-11-18T22:04:34","guid":{"rendered":"https:\/\/www.europesays.com\/pt\/156980\/"},"modified":"2025-11-18T22:04:34","modified_gmt":"2025-11-18T22:04:34","slug":"reitores-e-investigadores-contestam-fusao-da-fundacao-para-a-ciencia-e-tecnologia-em-nova-agencia","status":"publish","type":"post","link":"https:\/\/www.europesays.com\/pt\/156980\/","title":{"rendered":"Reitores e investigadores contestam fus\u00e3o da Funda\u00e7\u00e3o para a Ci\u00eancia e Tecnologia em nova ag\u00eancia"},"content":{"rendered":"<p>                <b>Maria de Lurdes Rodrigues, reitora do ISCTE sublinha \u00e0 Antena 1 o consenso da comunidade cient\u00edfica sobre o assunto<\/b>.<br \/>\n          <img decoding=\"async\" itemprop=\"image\" class=\"img-fluid\"   src=\"https:\/\/www.europesays.com\/pt\/wp-content\/uploads\/2025\/11\/1763503473_88_bg_playeraudio_4.jpg\"\/><\/p>\n<p>A reitora que, na Europa, s\u00f3 o Reino Unido optou por um modelo conjunto, mas ao fim de alguns anos abandonou a ideia.<br \/>\n          <img decoding=\"async\" itemprop=\"image\" class=\"img-fluid\"   src=\"https:\/\/www.europesays.com\/pt\/wp-content\/uploads\/2025\/11\/1763503474_932_bg_playeraudio_1.jpg\"\/><\/p>\n<p>O Governo j\u00e1 est\u00e1 a ouvir os representantes das comunidades cient\u00edficas e de inova\u00e7\u00e3o<br \/>\npara discutir o decreto-lei e os estatutos da nova Ag\u00eancia para a Investiga\u00e7\u00e3o e Inova\u00e7\u00e3o. <\/p>\n<p>A expectativa do ministro Fernando Alexandre \u00e9 a de que a nova ag\u00eancia entre em funcionamento a 1 de janeiro, mas o diploma ter\u00e1 de ser aprovado pelo presidente da Rep\u00fablica. <\/p>\n<p>A nova entidade j\u00e1 foi aprovada em Conselho de Ministros e extingue a Funda\u00e7\u00e3o para a Ci\u00eancia e Tecnologia, bem como a Ag\u00eancia Nacional de Inova\u00e7\u00e3o. <br \/>&#13;\n<\/p>\n<p>&#13;<br \/>\nCom o fim destas duas entidades, \u00e9 criado um organismo novo: a Ag\u00eancia para a Investiga\u00e7\u00e3o e Inova\u00e7\u00e3o.&#13;<\/p>\n","protected":false},"excerpt":{"rendered":"Maria de Lurdes Rodrigues, reitora do ISCTE sublinha \u00e0 Antena 1 o consenso da comunidade cient\u00edfica sobre o&hellip;\n","protected":false},"author":2,"featured_media":156981,"comment_status":"","ping_status":"","sticky":false,"template":"","format":"standard","meta":{"footnotes":""},"categories":[10],"tags":[27,28,15,16,14,25,26,21,22,12,13,19,20,32,23,24,33,420,421,17,18,29,30,31],"class_list":{"0":"post-156980","1":"post","2":"type-post","3":"status-publish","4":"format-standard","5":"has-post-thumbnail","7":"category-portugal","8":"tag-breaking-news","9":"tag-breakingnews","10":"tag-featured-news","11":"tag-featurednews","12":"tag-headlines","13":"tag-latest-news","14":"tag-latestnews","15":"tag-main-news","16":"tag-mainnews","17":"tag-news","18":"tag-noticias","19":"tag-noticias-principais","20":"tag-noticiasprincipais","21":"tag-portugal","22":"tag-principais-noticias","23":"tag-principaisnoticias","24":"tag-pt","25":"tag-rtp","26":"tag-rtp-noticias","27":"tag-top-stories","28":"tag-topstories","29":"tag-ultimas","30":"tag-ultimas-noticias","31":"tag-ultimasnoticias"},"share_on_mastodon":{"url":"https:\/\/pubeurope.com\/@pt\/115572969917601649","error":""},"_links":{"self":[{"href":"https:\/\/www.europesays.com\/pt\/wp-json\/wp\/v2\/posts\/156980","targetHints":{"allow":["GET"]}}],"collection":[{"href":"https:\/\/www.europesays.com\/pt\/wp-json\/wp\/v2\/posts"}],"about":[{"href":"https:\/\/www.europesays.com\/pt\/wp-json\/wp\/v2\/types\/post"}],"author":[{"embeddable":true,"href":"https:\/\/www.europesays.com\/pt\/wp-json\/wp\/v2\/users\/2"}],"replies":[{"embeddable":true,"href":"https:\/\/www.europesays.com\/pt\/wp-json\/wp\/v2\/comments?post=156980"}],"version-history":[{"count":0,"href":"https:\/\/www.europesays.com\/pt\/wp-json\/wp\/v2\/posts\/156980\/revisions"}],"wp:featuredmedia":[{"embeddable":true,"href":"https:\/\/www.europesays.com\/pt\/wp-json\/wp\/v2\/media\/156981"}],"wp:attachment":[{"href":"https:\/\/www.europesays.com\/pt\/wp-json\/wp\/v2\/media?parent=156980"}],"wp:term":[{"taxonomy":"category","embeddable":true,"href":"https:\/\/www.europesays.com\/pt\/wp-json\/wp\/v2\/categories?post=156980"},{"taxonomy":"post_tag","embeddable":true,"href":"https:\/\/www.europesays.com\/pt\/wp-json\/wp\/v2\/tags?post=156980"}],"curies":[{"name":"wp","href":"https:\/\/api.w.org\/{rel}","templated":true}]}}