{"id":156982,"date":"2025-11-18T22:06:15","date_gmt":"2025-11-18T22:06:15","guid":{"rendered":"https:\/\/www.europesays.com\/pt\/156982\/"},"modified":"2025-11-18T22:06:15","modified_gmt":"2025-11-18T22:06:15","slug":"xenica-ganha-destaque-e-expoe-ligacao-com-ferette","status":"publish","type":"post","link":"https:\/\/www.europesays.com\/pt\/156982\/","title":{"rendered":"X\u00eanica ganha destaque e exp\u00f5e liga\u00e7\u00e3o com Ferette"},"content":{"rendered":"<p class=\"bullet mt-0\" data-v-232111b4=\"\"><strong>A funcion\u00e1ria tamb\u00e9m passar\u00e1 pelo dilema moral de proteger o filho, Jos\u00e9 Maria (T\u00falio Starling).<\/strong> Ele \u00e9 o m\u00e9dico que prescreve os medicamentos adulterados da organiza\u00e7\u00e3o.<\/p>\n<p><img width=\"450\" height=\"450\" src=\"https:\/\/www.europesays.com\/pt\/wp-content\/uploads\/2025\/11\/xenica-carla-marins-e-jose-maria-tulio-starling-em-tres-gracas-1762813182776_v2_450x450.jpg\" alt=\"X\u00eanica (Carla Marins) e Jos\u00e9 Maria (T\u00falio Starling) em 'Tr\u00eas Gra\u00e7as'\" loading=\"eager\" fetchpriority=\"low\" decoding=\"auto\" title=\"X\u00eanica (Carla Marins) e Jos\u00e9 Maria (T\u00falio Starling) em 'Tr\u00eas Gra\u00e7as'\" style=\"border-radius:var(--solar-border-radius-25);\" data-v-73d45db8=\"\"\/> X\u00eanica (Carla Marins) e Jos\u00e9 Maria (T\u00falio Starling) em &#8216;Tr\u00eas Gra\u00e7as&#8217; Imagem: Estevam Avellar\/Globo<\/p>\n<p class=\"bullet\" data-v-232111b4=\"\"><strong>Com a descoberta do crime, tamb\u00e9m deve vir a revela\u00e7\u00e3o de um segredo de X\u00eanica. <\/strong>Ela nutre uma paix\u00e3o n\u00e3o correspondida por Ferette e deve usar a informa\u00e7\u00e3o sobre a adultera\u00e7\u00e3o dos rem\u00e9dios para manter o patr\u00e3o em suas m\u00e3os.<\/p>\n<p class=\"bullet\" data-v-232111b4=\"\">Vai ser complicado para X\u00eanica, que ficar\u00e1 dividida. Como todo brasileiro, ela vai precisar estar nos lugares onde consegue se dar bem. X\u00eanica \u00e9 da classe trabalhadora, apesar de se portar como algu\u00e9m da elite. Ela realmente acreditava no Ferette e achava que a funda\u00e7\u00e3o fosse id\u00f4nea porque j\u00e1 trabalha h\u00e1 muitos anos l\u00e1<strong> Carla Marins, ao Extra<\/strong><\/p>\n<p class=\"bullet\" data-v-232111b4=\"\"><strong>Carla Marins celebra o retorno \u00e0 Globo, onde estreou em 1986, na novela &#8220;Hipertens\u00e3o&#8221;. <\/strong>Ela estava afastada da emissora desde o fim de &#8220;Malha\u00e7\u00e3o &#8211; Intensa como a vida&#8221; (2012\/2013).<\/p>\n<p class=\"bullet\" data-v-232111b4=\"\">A novela &#8220;Tr\u00eas Gra\u00e7as&#8221;, escrita por Aguinaldo Silva, vai ao ar de segunda a s\u00e1bado, \u00e0s 21h20, na Globo. <a href=\"https:\/\/www.uol.com.br\/splash\/novelas\/tres-gracas-resumo-dos-capitulos-da-novela-da-globo.htm\" target=\"_blank\" rel=\"nofollow noopener\">Confira o resumo completo dos cap\u00edtulos aqui.<\/a><\/p>\n","protected":false},"excerpt":{"rendered":"A funcion\u00e1ria tamb\u00e9m passar\u00e1 pelo dilema moral de proteger o filho, Jos\u00e9 Maria (T\u00falio Starling). Ele \u00e9 o&hellip;\n","protected":false},"author":2,"featured_media":156983,"comment_status":"","ping_status":"","sticky":false,"template":"","format":"standard","meta":{"footnotes":""},"categories":[145],"tags":[211,210,114,115,32,33],"class_list":{"0":"post-156982","1":"post","2":"type-post","3":"status-publish","4":"format-standard","5":"has-post-thumbnail","7":"category-celebridades","8":"tag-celebridades","9":"tag-celebrities","10":"tag-entertainment","11":"tag-entretenimento","12":"tag-portugal","13":"tag-pt"},"share_on_mastodon":{"url":"https:\/\/pubeurope.com\/@pt\/115572977553597219","error":""},"_links":{"self":[{"href":"https:\/\/www.europesays.com\/pt\/wp-json\/wp\/v2\/posts\/156982","targetHints":{"allow":["GET"]}}],"collection":[{"href":"https:\/\/www.europesays.com\/pt\/wp-json\/wp\/v2\/posts"}],"about":[{"href":"https:\/\/www.europesays.com\/pt\/wp-json\/wp\/v2\/types\/post"}],"author":[{"embeddable":true,"href":"https:\/\/www.europesays.com\/pt\/wp-json\/wp\/v2\/users\/2"}],"replies":[{"embeddable":true,"href":"https:\/\/www.europesays.com\/pt\/wp-json\/wp\/v2\/comments?post=156982"}],"version-history":[{"count":0,"href":"https:\/\/www.europesays.com\/pt\/wp-json\/wp\/v2\/posts\/156982\/revisions"}],"wp:featuredmedia":[{"embeddable":true,"href":"https:\/\/www.europesays.com\/pt\/wp-json\/wp\/v2\/media\/156983"}],"wp:attachment":[{"href":"https:\/\/www.europesays.com\/pt\/wp-json\/wp\/v2\/media?parent=156982"}],"wp:term":[{"taxonomy":"category","embeddable":true,"href":"https:\/\/www.europesays.com\/pt\/wp-json\/wp\/v2\/categories?post=156982"},{"taxonomy":"post_tag","embeddable":true,"href":"https:\/\/www.europesays.com\/pt\/wp-json\/wp\/v2\/tags?post=156982"}],"curies":[{"name":"wp","href":"https:\/\/api.w.org\/{rel}","templated":true}]}}