{"id":156988,"date":"2025-11-18T22:14:10","date_gmt":"2025-11-18T22:14:10","guid":{"rendered":"https:\/\/www.europesays.com\/pt\/156988\/"},"modified":"2025-11-18T22:14:10","modified_gmt":"2025-11-18T22:14:10","slug":"liliana-euforica-com-aviao-da-apoio-da-familia-e-amigos","status":"publish","type":"post","link":"https:\/\/www.europesays.com\/pt\/156988\/","title":{"rendered":"Liliana euf\u00f3rica com avi\u00e3o da apoio da fam\u00edlia e amigos"},"content":{"rendered":"<p>\t\t\t\t\t\t\t\t\t\t\t\t<a href=\"#\" onclick=\"window.open('http:\/\/www.facebook.com\/sharer.php?u=https:\/\/cusquices.com\/liliana-euforica-com-aviao-da-apoio-da-familia-e-amigos\/&amp;t=Liliana euf\u00f3rica com  avi\u00e3o da apoio da fam\u00edlia e amigos', 'facebookShare', 'width=626,height=436'); return false;\" title=\"Share on Facebook\"><\/p>\n<p>Share<\/p>\n<p><\/a><br \/>\n\t\t\t\t\t\t\t\t\t\t\t\t<a href=\"#\" onclick=\"window.open('http:\/\/twitter.com\/share?text=Liliana euf\u00f3rica com  avi\u00e3o da apoio da fam\u00edlia e amigos -&amp;url=https:\/\/cusquices.com\/liliana-euforica-com-aviao-da-apoio-da-familia-e-amigos\/', 'twitterShare', 'width=626,height=436'); return false;\" title=\"Tweet This Post\"><\/p>\n<p>Tweet<\/p>\n<p><\/a><br \/>\n\t\t\t\t\t\t\t\t\t\t\t\t<a href=\"whatsapp:\/\/send?text=Liliana euf\u00f3rica com  avi\u00e3o da apoio da fam\u00edlia e amigos https:\/\/cusquices.com\/liliana-euforica-com-aviao-da-apoio-da-familia-e-amigos\/\" rel=\"nofollow\"><\/p>\n<p>Share<\/p>\n<p><\/a><br \/>\n\t\t\t\t\t\t\t\t\t\t\t\t<a href=\"#\" onclick=\"window.open('http:\/\/pinterest.com\/pin\/create\/button\/?url=https:\/\/cusquices.com\/liliana-euforica-com-aviao-da-apoio-da-familia-e-amigos\/&amp;media=https:\/\/cusquices.com\/wp-content\/uploads\/2025\/10\/liana-ss-1000x600.jpg&amp;description=Liliana euf\u00f3rica com  avi\u00e3o da apoio da fam\u00edlia e amigos', 'pinterestShare', 'width=750,height=350'); return false;\" title=\"Pin This Post\"><\/p>\n<p>Share<\/p>\n<p><\/a><br \/>\n\t\t\t\t\t\t\t\t\t\t\t\t<a href=\"mailto:?subject=Liliana euf\u00f3rica com  avi\u00e3o da apoio da fam\u00edlia e amigos&amp;BODY=I found this article interesting and thought of sharing it with you. Check it out: https:\/\/cusquices.com\/liliana-euforica-com-aviao-da-apoio-da-familia-e-amigos\/\"><\/p>\n<p>Email<\/p>\n<p><\/a><br \/>\n\t\t\t\t\t\t\t\t\t\t\t\t\t\t\t\t\t\t\t\t\t\t\t\t\t\t\t\t\t\t\t\t\t\t\t\t\t\t\t\t\t\t\t\t\t\t\t\t\t\t\t\t\t<a href=\"https:\/\/cusquices.com\/liliana-euforica-com-aviao-da-apoio-da-familia-e-amigos\/#respond\" rel=\"nofollow noopener\" target=\"_blank\"><\/p>\n<p>Liliana foi surpreendia por mensagem de apoio da fam\u00edlia e amigos.<\/p>\n<p>Liliana foi surpreendida esta ter\u00e7a-feira, 18 de novembro, por uma mensagem de apoio que h\u00e1 muito aguardava.<\/p>\n<p>Depois de ler a carta enviada pela fam\u00edlia no passado domingo, a jovem psic\u00f3loga foi surpreendida esta tarde com um avi\u00e3o com uma mensagem de apoio da fam\u00edlia e amigos.<\/p>\n<p><strong>\u201cLiana fam\u00edlia amigos f\u00e3s ctg at\u00e9 \u00e0 final\u201d,<\/strong> podia ler-se na faixa de avi\u00e3o.  <\/p>\n<p>Liliana estava na piscina quando passou o avi\u00e3o e n\u00e3o escondeu a felicidade.<\/p>\n<p><img loading=\"lazy\" decoding=\"async\" width=\"1024\" height=\"659\" src=\"https:\/\/www.europesays.com\/pt\/wp-content\/uploads\/2025\/11\/IMG_0658-1024x659.jpeg\" alt=\"\" class=\"wp-image-100343 webpexpress-processed\"  \/><\/p>\n<p>\t\t\t\t\t\t\t\t\t\t\t\t\t\t\t\t\t\t\t\t\t\t\t\t\t<img decoding=\"async\" src=\"https:\/\/www.europesays.com\/pt\/wp-content\/uploads\/2025\/10\/cusquices-logo-52x.png\" class=\"webpexpress-processed\"\/><\/p>\n<p>\t\t\t\t\t\t\t\t\t\t\t\t\t\t\t\t\t\t\t\t\t            \t\t\t\t\t\t\t\t\t\t\t\t\t\t\t\t\t\t\t\t\t\t\t\t\t\t\t\t\t\t\t\t\t\t\t\t\t\t\t<script async src=\"https:\/\/platform.twitter.com\/widgets.js\" charset=\"utf-8\"><\/script><\/p>\n","protected":false},"excerpt":{"rendered":"Share Tweet Share Share Email Liliana foi surpreendia por mensagem de apoio da fam\u00edlia e amigos. Liliana foi&hellip;\n","protected":false},"author":2,"featured_media":156989,"comment_status":"","ping_status":"","sticky":false,"template":"","format":"standard","meta":{"footnotes":""},"categories":[85],"tags":[2632,49,114,115,24883,32,33],"class_list":{"0":"post-156988","1":"post","2":"type-post","3":"status-publish","4":"format-standard","5":"has-post-thumbnail","7":"category-entretenimento","8":"tag-casa-dos-segredos","9":"tag-destaques","10":"tag-entertainment","11":"tag-entretenimento","12":"tag-liliana-oliveira","13":"tag-portugal","14":"tag-pt"},"share_on_mastodon":{"url":"https:\/\/pubeurope.com\/@pt\/115573009119578790","error":""},"_links":{"self":[{"href":"https:\/\/www.europesays.com\/pt\/wp-json\/wp\/v2\/posts\/156988","targetHints":{"allow":["GET"]}}],"collection":[{"href":"https:\/\/www.europesays.com\/pt\/wp-json\/wp\/v2\/posts"}],"about":[{"href":"https:\/\/www.europesays.com\/pt\/wp-json\/wp\/v2\/types\/post"}],"author":[{"embeddable":true,"href":"https:\/\/www.europesays.com\/pt\/wp-json\/wp\/v2\/users\/2"}],"replies":[{"embeddable":true,"href":"https:\/\/www.europesays.com\/pt\/wp-json\/wp\/v2\/comments?post=156988"}],"version-history":[{"count":0,"href":"https:\/\/www.europesays.com\/pt\/wp-json\/wp\/v2\/posts\/156988\/revisions"}],"wp:featuredmedia":[{"embeddable":true,"href":"https:\/\/www.europesays.com\/pt\/wp-json\/wp\/v2\/media\/156989"}],"wp:attachment":[{"href":"https:\/\/www.europesays.com\/pt\/wp-json\/wp\/v2\/media?parent=156988"}],"wp:term":[{"taxonomy":"category","embeddable":true,"href":"https:\/\/www.europesays.com\/pt\/wp-json\/wp\/v2\/categories?post=156988"},{"taxonomy":"post_tag","embeddable":true,"href":"https:\/\/www.europesays.com\/pt\/wp-json\/wp\/v2\/tags?post=156988"}],"curies":[{"name":"wp","href":"https:\/\/api.w.org\/{rel}","templated":true}]}}