{"id":156990,"date":"2025-11-18T22:17:10","date_gmt":"2025-11-18T22:17:10","guid":{"rendered":"https:\/\/www.europesays.com\/pt\/156990\/"},"modified":"2025-11-18T22:17:10","modified_gmt":"2025-11-18T22:17:10","slug":"alimentos-com-bolor-sao-perigosos-mesmo-se-removermos-o-fungo","status":"publish","type":"post","link":"https:\/\/www.europesays.com\/pt\/156990\/","title":{"rendered":"Alimentos com bolor s\u00e3o perigosos mesmo se removermos o fungo?"},"content":{"rendered":"<p>O bolor pode aparecer em v\u00e1rios locais e sabe-se de antem\u00e3o que n\u00e3o \u00e9 um bom sinal, sobretudo quando aparece nos alimentos. Mas o que devemos fazer? Deit\u00e1-los fora ou consumir parte do alimento?<\/p>\n<p>Algumas pessoas podem percecionar o ato de descartar o alimento como desperd\u00edcio alimentar, mas na alguns especialistas explicam que esse procedimento traduz-se, na realidade, numa medida de seguran\u00e7a alimentar.<\/p>\n<p>De acordo com a BBC, o bolor alimentar \u00e9 um fungo microsc\u00f3pico que se pode reproduzir e libertar part\u00edculas no ar e s\u00e3o essas que caem sobre alimentos.<\/p>\n<p>O mic\u00e9lio \u00e9 um dos componentes do bolor e \u00e9 geralmente o respons\u00e1vel por se infiltrar nos alimentos. De uma forma visual, este fen\u00f3meno pode ser associado a uma &#8220;estrutura ramificada semelhante a um fio de cabelo com ra\u00edzes&#8221;. Quando essas ra\u00edzes atingem a superf\u00edcie, o alimento pode mudar de cor e &#8220;adquirir uma apar\u00eancia pulverulenta&#8221;. No entanto, o bolor j\u00e1 poder\u00e1 ter estado a agir durante um ou dois dias antes de se notar qualquer diferen\u00e7a no alimento.<\/p>\n<p>Leia Tamb\u00e9m: <a href=\"https:\/\/www.noticiasaominuto.com\/lifestyle\/2883266\/epoca-da-humidade-eis-os-truques-caseiros-para-combater-este-problema\" target=\"_blank\" rel=\"noopener noreferrer nofollow\">\u00c9poca da humidade? Eis os truques caseiros para combater este problema<\/a><\/p>\n<p>Ainda assim, n\u00e3o precisa de ser um sinal de alerta! O m\u00e9dico Patrick Hickey conta \u00e0 BBC que &#8220;os fungos s\u00e3o essenciais no ambiente para processos de reciclagem\u201d, chegando os &#8220;ecossistemas a depender desses fungos para decompor a mat\u00e9ria org\u00e2nica; sem eles, estar\u00edamos sobrecarregados com os nossos pr\u00f3prios res\u00edduos\u201d, acrescenta. N\u00e3o obstante, n\u00e3o ser\u00e3o os fungos mais indicados para consumo e, por isso, referem que deve descartar o alimento.<\/p>\n<p>Alimentos prop\u00edcios ao desenvolvimento de fungos prejudiciais e que, por isso, deve descartar:<\/p>\n<p>Frutas e vegetais\u00a0<br \/>P\u00e3es<br \/>Sobras de comida<br \/>Geleias e compotas<br \/>Manteigas de frutos secos<br \/>Bacon e salsichas<br \/>Iogurtes<br \/>Queijos\u00a0<\/p>\n<p>Ainda assim, plataformas como a Too Good too Go sensibilizam os utilizadores para os selos de &#8220;Observar, Cheirar, Provar&#8221; que podem ajudar o consumidor a averiguar a qualidade do produto mesmo que este j\u00e1 n\u00e3o esteja dentro da validade.<\/p>\n<p>\u00c9 poss\u00edvel impedir o desenvolvimento de bolor?<\/p>\n<p>Os especialistas dizem \u00e9 poss\u00edvel impedir que os alimentos escapem ao bolor, mas d\u00e1 para atrasar esse processo.<\/p>\n<p>Este fungo gosta de ambientes quentes e h\u00famidos, com bastantes recursos e mat\u00e9ria org\u00e2nica para se alimentar. Como tal,\u00a0 uma cozinha limpa, seca e bem arejada pode ajudar a manter o bolor longe durante mais tempo.<\/p>\n<p>A forma como armazena os alimentos tamb\u00e9m pode fazer toda a diferen\u00e7a. Por exemplo, guardar ervas arom\u00e1ticas em recipientes herm\u00e9ticos forrados com papel no frigor\u00edfico pode atrasar o processo de deteriora\u00e7\u00e3o da planta.<\/p>\n<p>Al\u00e9m disso, transporte os alimentos com cuidado e\u00a0 compre em menores quantidades para evitar o desperd\u00edcio alimentar depois da contamina\u00e7\u00e3o.<\/p>\n<p>O que pode acontecer se ingerir bolor?<\/p>\n<p>Para l\u00e1 do sabor e textura desagrad\u00e1vel que pode levar a uma rea\u00e7\u00e3o de v\u00f3mito imediata, a maioria das pessoas fica bem, mas os profissionais de sa\u00fade recomendam estar atento a quaisquer sintomas, desde falta de ar a v\u00f3mitos e diarreia ap\u00f3s o consumo&#8221;. A ingest\u00e3o deste fungo pode, em alguns casos, originar uma intoxica\u00e7\u00e3o alimentar ou rea\u00e7\u00e3o al\u00e9rgica.<\/p>\n<p>Leia Tamb\u00e9m: <a href=\"https:\/\/www.noticiasaominuto.com\/lifestyle\/2867537\/os-cinco-sitios-onde-nunca-deve-ter-o-desumidificador-em-casa\" target=\"_blank\" rel=\"noopener noreferrer nofollow\">Os cinco s\u00edtios onde nunca deve ter o desumidificador em casa<\/a><\/p>\n","protected":false},"excerpt":{"rendered":"O bolor pode aparecer em v\u00e1rios locais e sabe-se de antem\u00e3o que n\u00e3o \u00e9 um bom sinal, sobretudo&hellip;\n","protected":false},"author":2,"featured_media":156991,"comment_status":"","ping_status":"","sticky":false,"template":"","format":"standard","meta":{"footnotes":""},"categories":[50],"tags":[27,28,15,16,14,25,26,21,22,62,12,13,19,20,23,24,17,18,29,30,31,63,64,65],"class_list":{"0":"post-156990","1":"post","2":"type-post","3":"status-publish","4":"format-standard","5":"has-post-thumbnail","7":"category-mundo","8":"tag-breaking-news","9":"tag-breakingnews","10":"tag-featured-news","11":"tag-featurednews","12":"tag-headlines","13":"tag-latest-news","14":"tag-latestnews","15":"tag-main-news","16":"tag-mainnews","17":"tag-mundo","18":"tag-news","19":"tag-noticias","20":"tag-noticias-principais","21":"tag-noticiasprincipais","22":"tag-principais-noticias","23":"tag-principaisnoticias","24":"tag-top-stories","25":"tag-topstories","26":"tag-ultimas","27":"tag-ultimas-noticias","28":"tag-ultimasnoticias","29":"tag-world","30":"tag-world-news","31":"tag-worldnews"},"share_on_mastodon":{"url":"https:\/\/pubeurope.com\/@pt\/115573020582710745","error":""},"_links":{"self":[{"href":"https:\/\/www.europesays.com\/pt\/wp-json\/wp\/v2\/posts\/156990","targetHints":{"allow":["GET"]}}],"collection":[{"href":"https:\/\/www.europesays.com\/pt\/wp-json\/wp\/v2\/posts"}],"about":[{"href":"https:\/\/www.europesays.com\/pt\/wp-json\/wp\/v2\/types\/post"}],"author":[{"embeddable":true,"href":"https:\/\/www.europesays.com\/pt\/wp-json\/wp\/v2\/users\/2"}],"replies":[{"embeddable":true,"href":"https:\/\/www.europesays.com\/pt\/wp-json\/wp\/v2\/comments?post=156990"}],"version-history":[{"count":0,"href":"https:\/\/www.europesays.com\/pt\/wp-json\/wp\/v2\/posts\/156990\/revisions"}],"wp:featuredmedia":[{"embeddable":true,"href":"https:\/\/www.europesays.com\/pt\/wp-json\/wp\/v2\/media\/156991"}],"wp:attachment":[{"href":"https:\/\/www.europesays.com\/pt\/wp-json\/wp\/v2\/media?parent=156990"}],"wp:term":[{"taxonomy":"category","embeddable":true,"href":"https:\/\/www.europesays.com\/pt\/wp-json\/wp\/v2\/categories?post=156990"},{"taxonomy":"post_tag","embeddable":true,"href":"https:\/\/www.europesays.com\/pt\/wp-json\/wp\/v2\/tags?post=156990"}],"curies":[{"name":"wp","href":"https:\/\/api.w.org\/{rel}","templated":true}]}}