{"id":157004,"date":"2025-11-18T22:37:17","date_gmt":"2025-11-18T22:37:17","guid":{"rendered":"https:\/\/www.europesays.com\/pt\/157004\/"},"modified":"2025-11-18T22:37:17","modified_gmt":"2025-11-18T22:37:17","slug":"em-desabafo-comovente-jessica-vieira-mostra-se-como-nunca-a-viu-secret-story","status":"publish","type":"post","link":"https:\/\/www.europesays.com\/pt\/157004\/","title":{"rendered":"Em desabafo comovente, J\u00e9ssica Vieira mostra-se como nunca a viu &#8211; Secret Story"},"content":{"rendered":"<p data-end=\"864\" data-start=\"374\">A ex vencedora do Big Brother Ver\u00e3o, J\u00e9ssica Vieira, voltou a dominar as redes sociais com uma revela\u00e7\u00e3o carregada de emo\u00e7\u00e3o e autenticidade. Numa partilha inesperada, a ex-concorrente\u00a0abriu o cora\u00e7\u00e3o e falou sobre o seu processo de crescimento pessoal.<\/p>\n<p data-end=\"1308\" data-start=\"866\">Sentada na cama, num ambiente descontra\u00eddo e acolhedor, J\u00e9ssica come\u00e7ou por admitir que decidiu parar e olhar verdadeiramente para si.<strong> \u00abHoje parei e aproveitei-me, cuidei de mim, pensei nas voltas que a minha vida deu e o quanto mudou\u00bb<\/strong>, revelou. A ex-concorrente sublinhou que a mudan\u00e7a n\u00e3o \u00e9 apenas externa, mas profundamente interior:<strong> \u00abEu n\u00e3o sou mais a menina de h\u00e1 um ano atr\u00e1s, de h\u00e1 um m\u00eas atr\u00e1s.\u00bb<\/strong><\/p>\n<p data-end=\"1735\" data-start=\"1310\">J\u00e9ssica descreveu ainda um percurso de independ\u00eancia emocional que, segundo diz, transformou completamente a sua forma de estar na vida. Hoje, garante sentir-se confort\u00e1vel com a pr\u00f3pria companhia:<strong> \u00abSinto-me t\u00e3o feliz com o resultado final que me parabenizo no fim\u00bb<\/strong>, confessou.<\/p>\n<p data-end=\"1735\" data-start=\"1310\"><img loading=\"lazy\" decoding=\"async\" alt=\"\" height=\"605\" src=\"https:\/\/www.europesays.com\/pt\/wp-content\/uploads\/2025\/11\/691c86e9d34e3caad84b6a6d.webp\" width=\"307\"\/><\/p>\n<p data-end=\"2261\" data-start=\"1737\">Entre revela\u00e7\u00f5es e detalhes sinceros, J\u00e9ssica destacou a import\u00e2ncia do amor-pr\u00f3prio e da capacidade de enfrentar desafios sozinha. <strong>\u00abHoje eu amo a minha companhia. Eu sinto que sou suficiente para enfrentar tudo o que me surgir.\u00bb<\/strong> No entanto, admitiu que o caminho n\u00e3o foi f\u00e1cil: houve l\u00e1grimas, d\u00favidas e noites de inquieta\u00e7\u00e3o. Mas houve tamb\u00e9m coragem coragem para tentar, para falhar, para rir e para recome\u00e7ar. \u00abN\u00e3o deixei o \u2018e se\u2019 ganhar desta vez\u00bb, escreveu.<\/p>\n<p data-end=\"2540\" data-start=\"2263\">Num gesto de gratid\u00e3o, a vencedora do Big Brother Ver\u00e3o fez quest\u00e3o de agradecer o carinho constante da sua comunidade online. \u00abTodos os dias fazem quest\u00e3o de me dar amor e eu sou t\u00e3o grata\u00bb.<\/p>\n<p data-end=\"2846\" data-start=\"2542\">Antes de encerrar a reflex\u00e3o, J\u00e9ssica deixou ainda uma mensagem especial aos f\u00e3s, lembrando que por tr\u00e1s da imagem p\u00fablica existe um ser humano real, com fragilidades e medos como qualquer outro. \u00abSaibam que deste lado existe um ser humano com medos, d\u00favidas, problemas, que sente exatamente como voc\u00eas.<\/p>\n<p data-end=\"3092\" data-start=\"2848\">A publica\u00e7\u00e3o termina com uma frase que resume todo o seu<a href=\"https:\/\/tvi.iol.pt\/secretstory\/jessica-vieira\/14-11-2025\/jessica-vieira-faz-tatuagens-cheias-de-misterio-e-carregadas-de-significado-descubra-as-mensagens-escondidas\" rel=\"nofollow noopener\" target=\"_blank\"> percurso de supera\u00e7\u00e3o e que J\u00e9ssica fez quest\u00e3o de tatuar:<\/a><br data-end=\"2991\" data-start=\"2988\"\/> <strong data-end=\"3092\" data-start=\"2991\">\u00abNunca se esque\u00e7am: o que faz sentir, faz sentido. E se sentem, fa\u00e7am. No fim, tudo vale a pena.\u00bb<\/strong><\/p>\n","protected":false},"excerpt":{"rendered":"A ex vencedora do Big Brother Ver\u00e3o, J\u00e9ssica Vieira, voltou a dominar as redes sociais com uma revela\u00e7\u00e3o&hellip;\n","protected":false},"author":2,"featured_media":157005,"comment_status":"","ping_status":"","sticky":false,"template":"","format":"standard","meta":{"footnotes":""},"categories":[142],"tags":[18706,114,115,18705,1417,32,33,151,18704],"class_list":{"0":"post-157004","1":"post","2":"type-post","3":"status-publish","4":"format-standard","5":"has-post-thumbnail","7":"category-tv","8":"tag-bastidores-secret-story","9":"tag-entertainment","10":"tag-entretenimento","11":"tag-entrevistas-concorrentes-tvi","12":"tag-jessica-vieira","13":"tag-portugal","14":"tag-pt","15":"tag-tv","16":"tag-vida-fora-da-casa"},"share_on_mastodon":{"url":"https:\/\/pubeurope.com\/@pt\/115573099503372856","error":""},"_links":{"self":[{"href":"https:\/\/www.europesays.com\/pt\/wp-json\/wp\/v2\/posts\/157004","targetHints":{"allow":["GET"]}}],"collection":[{"href":"https:\/\/www.europesays.com\/pt\/wp-json\/wp\/v2\/posts"}],"about":[{"href":"https:\/\/www.europesays.com\/pt\/wp-json\/wp\/v2\/types\/post"}],"author":[{"embeddable":true,"href":"https:\/\/www.europesays.com\/pt\/wp-json\/wp\/v2\/users\/2"}],"replies":[{"embeddable":true,"href":"https:\/\/www.europesays.com\/pt\/wp-json\/wp\/v2\/comments?post=157004"}],"version-history":[{"count":0,"href":"https:\/\/www.europesays.com\/pt\/wp-json\/wp\/v2\/posts\/157004\/revisions"}],"wp:featuredmedia":[{"embeddable":true,"href":"https:\/\/www.europesays.com\/pt\/wp-json\/wp\/v2\/media\/157005"}],"wp:attachment":[{"href":"https:\/\/www.europesays.com\/pt\/wp-json\/wp\/v2\/media?parent=157004"}],"wp:term":[{"taxonomy":"category","embeddable":true,"href":"https:\/\/www.europesays.com\/pt\/wp-json\/wp\/v2\/categories?post=157004"},{"taxonomy":"post_tag","embeddable":true,"href":"https:\/\/www.europesays.com\/pt\/wp-json\/wp\/v2\/tags?post=157004"}],"curies":[{"name":"wp","href":"https:\/\/api.w.org\/{rel}","templated":true}]}}