{"id":157006,"date":"2025-11-18T22:38:11","date_gmt":"2025-11-18T22:38:11","guid":{"rendered":"https:\/\/www.europesays.com\/pt\/157006\/"},"modified":"2025-11-18T22:38:11","modified_gmt":"2025-11-18T22:38:11","slug":"jovem-pan-news-estreia-versao-local-do-programa-pan-news-em-maringa-pr","status":"publish","type":"post","link":"https:\/\/www.europesays.com\/pt\/157006\/","title":{"rendered":"Jovem Pan News estreia vers\u00e3o local do programa Pan News em Maring\u00e1 (PR)"},"content":{"rendered":"<p>A <strong>Jovem Pan News FM 99.3 de Maring\u00e1<\/strong> iniciou nesta segunda-feira (17) a transmiss\u00e3o da vers\u00e3o local do programa <strong>Pan News<\/strong>, com foco no notici\u00e1rio regional e participa\u00e7\u00e3o de comunicadores reconhecidos no mercado paranaense. A atra\u00e7\u00e3o vai ao ar de segunda a sexta-feira, das 10h \u00e0s 12h, com apresenta\u00e7\u00e3o de <strong>Salsicha<\/strong>, tamb\u00e9m conhecido por comandar o Balan\u00e7o Geral, <strong>Kelly Moraes<\/strong>, apresentadora do Ver Mais, e <strong>Jota Jr.<\/strong>, rep\u00f3rter da RIC RECORD Maring\u00e1.<\/p>\n<p>O novo espa\u00e7o jornal\u00edstico busca ampliar a visibilidade das pautas de Maring\u00e1 e regi\u00e3o, com \u00eanfase em servi\u00e7os e an\u00e1lises. \u201cVamos tratar de tudo o que acontece no dia a dia da cidade, com impacto na rotina dos ouvintes\u201d, destacou <strong>F\u00e1bio G\u00f3es<\/strong>, diretor regional do <strong>Grupo Ric<\/strong> em Maring\u00e1.<\/p>\n<p>A pauta do programa abrange temas como <strong>tr\u00e2nsito, previs\u00e3o do tempo, economia regional, eventos locais<\/strong>, al\u00e9m de debates sobre <strong>pol\u00edticas p\u00fablicas, seguran\u00e7a, educa\u00e7\u00e3o, sa\u00fade e o cen\u00e1rio pol\u00edtico municipal e estadual<\/strong>. O conte\u00fado \u00e9 apresentado com m\u00faltiplas vis\u00f5es, com espa\u00e7o para <strong>an\u00e1lises diversas no est\u00fadio<\/strong> e <strong>intera\u00e7\u00e3o direta com os ouvintes<\/strong>, seja pelo <strong>canal Jovem Pan News Paran\u00e1 no YouTube<\/strong> ou pelo <strong>WhatsApp da emissora<\/strong>.<\/p>\n<p>\u201cCom a chegada do <strong>Pan News Maring\u00e1<\/strong>, o <strong>Grupo Ric<\/strong> investe ainda mais em seu posicionamento como a maior programa\u00e7\u00e3o afiliada da <strong>Jovem Pan<\/strong> no Brasil. Uma r\u00e1dio \u00fanica, comprometida em trazer not\u00edcias com responsabilidade, qualidade e credibilidade\u201d, ressaltou <strong>Leonardo Petrelli<\/strong>, presidente do Grupo Ric.<\/p>\n<p>O Grupo Ric mant\u00e9m atualmente <strong>quatro emissoras Jovem Pan News<\/strong> voltadas ao jornalismo e opini\u00e3o e outras <strong>quatro Jovem Pan FM<\/strong>, com foco em m\u00fasica e entretenimento.<\/p>\n<p style=\"text-align: center;\"><img decoding=\"async\" alt=\"\" src=\"https:\/\/www.europesays.com\/pt\/wp-content\/uploads\/2025\/11\/691ccd8bd53bc.jpg\" style=\"height:469px; width:600px\" \/><br \/>&#13;<br \/>\nKelly Moraes, Jota Jr e Salsicha na primeira edi\u00e7\u00e3o do Pan News, notici\u00e1rio que estreou nesta segunda-feira na Jovem Pan News Maring\u00e1 &#8211; Foto de Lidiane Almeida<\/p>\n<p>\n\t\t\t\tA reprodu\u00e7\u00e3o das not\u00edcias e das pautas \u00e9 autorizada desde que contenha a assinatura &#8216;tudoradio.com&#8217;<\/p>\n<p>&#13;<br \/>\n\t\t\t\tTags:&#13;<br \/>\n\t\t\t\tJovem Pan News Maring\u00e1, Pan News, Grupo Ric, Salsicha, Kelly Moraes, Jota Jr., r\u00e1dio jornalismo local&#13;\n\t\t\t<\/p>\n","protected":false},"excerpt":{"rendered":"A Jovem Pan News FM 99.3 de Maring\u00e1 iniciou nesta segunda-feira (17) a transmiss\u00e3o da vers\u00e3o local do&hellip;\n","protected":false},"author":2,"featured_media":157007,"comment_status":"","ping_status":"","sticky":false,"template":"","format":"standard","meta":{"footnotes":""},"categories":[141],"tags":[114,115,33695,33698,33693,33697,149,150,33694,32,33,33699,33696],"class_list":{"0":"post-157006","1":"post","2":"type-post","3":"status-publish","4":"format-standard","5":"has-post-thumbnail","7":"category-musica","8":"tag-entertainment","9":"tag-entretenimento","10":"tag-grupo-ric","11":"tag-jota-jr","12":"tag-jovem-pan-news-maringa","13":"tag-kelly-moraes","14":"tag-music","15":"tag-musica","16":"tag-pan-news","17":"tag-portugal","18":"tag-pt","19":"tag-radio-jornalismo-local","20":"tag-salsicha"},"share_on_mastodon":{"url":"https:\/\/pubeurope.com\/@pt\/115573103542136833","error":""},"_links":{"self":[{"href":"https:\/\/www.europesays.com\/pt\/wp-json\/wp\/v2\/posts\/157006","targetHints":{"allow":["GET"]}}],"collection":[{"href":"https:\/\/www.europesays.com\/pt\/wp-json\/wp\/v2\/posts"}],"about":[{"href":"https:\/\/www.europesays.com\/pt\/wp-json\/wp\/v2\/types\/post"}],"author":[{"embeddable":true,"href":"https:\/\/www.europesays.com\/pt\/wp-json\/wp\/v2\/users\/2"}],"replies":[{"embeddable":true,"href":"https:\/\/www.europesays.com\/pt\/wp-json\/wp\/v2\/comments?post=157006"}],"version-history":[{"count":0,"href":"https:\/\/www.europesays.com\/pt\/wp-json\/wp\/v2\/posts\/157006\/revisions"}],"wp:featuredmedia":[{"embeddable":true,"href":"https:\/\/www.europesays.com\/pt\/wp-json\/wp\/v2\/media\/157007"}],"wp:attachment":[{"href":"https:\/\/www.europesays.com\/pt\/wp-json\/wp\/v2\/media?parent=157006"}],"wp:term":[{"taxonomy":"category","embeddable":true,"href":"https:\/\/www.europesays.com\/pt\/wp-json\/wp\/v2\/categories?post=157006"},{"taxonomy":"post_tag","embeddable":true,"href":"https:\/\/www.europesays.com\/pt\/wp-json\/wp\/v2\/tags?post=157006"}],"curies":[{"name":"wp","href":"https:\/\/api.w.org\/{rel}","templated":true}]}}