{"id":157008,"date":"2025-11-18T22:39:11","date_gmt":"2025-11-18T22:39:11","guid":{"rendered":"https:\/\/www.europesays.com\/pt\/157008\/"},"modified":"2025-11-18T22:39:11","modified_gmt":"2025-11-18T22:39:11","slug":"a-cronologia-da-agua-dirigido-por-kristen-stewart-ganha-trailer","status":"publish","type":"post","link":"https:\/\/www.europesays.com\/pt\/157008\/","title":{"rendered":"A Cronologia da \u00c1gua, dirigido por Kristen Stewart, ganha trailer"},"content":{"rendered":"<p>Foi revelado nesta ter\u00e7a-feira (18), o primeiro trailer de\u00a0<a href=\"https:\/\/www.omelete.com.br\/busca?q=cronologia+da+%C3%A1gua\" rel=\"nofollow noopener\" target=\"_blank\"><strong>A Cronologia da \u00c1gua<\/strong><\/a>,\u00a0filme de estreia de\u00a0<strong>Kristen Stewart\u00a0<\/strong>como diretora.\u00a0<\/p>\n<p>O longa conta a hist\u00f3ria de uma nadadora ol\u00edmpica que tenta lidar com os traumas da inf\u00e2ncia ap\u00f3s sofrer abuso sexual. A atleta parece fadada ao fracasso, contudo acaba encontrando liberdade na literatura.\u00a0<\/p>\n<p>            Continua depois da Publicidade<\/p>\n<p>    Tudo sobre A Cronologia da \u00c1gua<\/p>\n<p>A Cronologia da \u00c1gua\u00a0\u00e9 uma adapta\u00e7\u00e3o do livro de\u00a0<strong>Lidia Yuknavitch\u00a0<\/strong>de mesmo nome, e \u00e9 protagonizado pela atriz\u00a0<strong>Imogen<\/strong> <strong>Poots<\/strong>, que vive uma nadadora ol\u00edmpica que tenta superar uma inf\u00e2ncia traum\u00e1tica marcada pelo abuso sexual.<\/p>\n<p>Criada em um ambiente dilacerado pela viol\u00eancia e pelo \u00e1lcool, Lidia Yuknavitch parecia destinada \u00e0 autodestrui\u00e7\u00e3o e ao fracasso, at\u00e9 que as palavras lhe ofereceram uma liberdade inesperada na forma de literatura.\u00a0<\/p>\n<p data-gtm-vis-first-on-screen67967661_30=\"23486\" data-gtm-vis-has-fired67967661_30=\"1\" data-gtm-vis-recent-on-screen67967661_30=\"23486\" data-gtm-vis-total-visible-time67967661_30=\"100\">O elenco do longa tamb\u00e9m conta com\u00a0<strong>Thora Birch<\/strong>,\u00a0<strong>Jim Belushi<\/strong>,\u00a0<strong>Tom Sturridge<\/strong>,\u00a0<strong>Charllie Carrick<\/strong>,\u00a0<strong>Jeremey Ang Jones\u00a0<\/strong>e\u00a0<strong>Kim Gordon<\/strong>.\u00a0<\/p>\n<p>            Continua depois da Publicidade<\/p>\n","protected":false},"excerpt":{"rendered":"Foi revelado nesta ter\u00e7a-feira (18), o primeiro trailer de\u00a0A Cronologia da \u00c1gua,\u00a0filme de estreia de\u00a0Kristen Stewart\u00a0como diretora.\u00a0 O&hellip;\n","protected":false},"author":2,"featured_media":157009,"comment_status":"","ping_status":"","sticky":false,"template":"","format":"standard","meta":{"footnotes":""},"categories":[140],"tags":[114,115,147,148,146,32,33],"class_list":{"0":"post-157008","1":"post","2":"type-post","3":"status-publish","4":"format-standard","5":"has-post-thumbnail","7":"category-filmes","8":"tag-entertainment","9":"tag-entretenimento","10":"tag-film","11":"tag-filmes","12":"tag-movies","13":"tag-portugal","14":"tag-pt"},"share_on_mastodon":{"url":"https:\/\/pubeurope.com\/@pt\/115573108006859421","error":""},"_links":{"self":[{"href":"https:\/\/www.europesays.com\/pt\/wp-json\/wp\/v2\/posts\/157008","targetHints":{"allow":["GET"]}}],"collection":[{"href":"https:\/\/www.europesays.com\/pt\/wp-json\/wp\/v2\/posts"}],"about":[{"href":"https:\/\/www.europesays.com\/pt\/wp-json\/wp\/v2\/types\/post"}],"author":[{"embeddable":true,"href":"https:\/\/www.europesays.com\/pt\/wp-json\/wp\/v2\/users\/2"}],"replies":[{"embeddable":true,"href":"https:\/\/www.europesays.com\/pt\/wp-json\/wp\/v2\/comments?post=157008"}],"version-history":[{"count":0,"href":"https:\/\/www.europesays.com\/pt\/wp-json\/wp\/v2\/posts\/157008\/revisions"}],"wp:featuredmedia":[{"embeddable":true,"href":"https:\/\/www.europesays.com\/pt\/wp-json\/wp\/v2\/media\/157009"}],"wp:attachment":[{"href":"https:\/\/www.europesays.com\/pt\/wp-json\/wp\/v2\/media?parent=157008"}],"wp:term":[{"taxonomy":"category","embeddable":true,"href":"https:\/\/www.europesays.com\/pt\/wp-json\/wp\/v2\/categories?post=157008"},{"taxonomy":"post_tag","embeddable":true,"href":"https:\/\/www.europesays.com\/pt\/wp-json\/wp\/v2\/tags?post=157008"}],"curies":[{"name":"wp","href":"https:\/\/api.w.org\/{rel}","templated":true}]}}