{"id":157021,"date":"2025-11-18T22:52:14","date_gmt":"2025-11-18T22:52:14","guid":{"rendered":"https:\/\/www.europesays.com\/pt\/157021\/"},"modified":"2025-11-18T22:52:14","modified_gmt":"2025-11-18T22:52:14","slug":"quarta-na-tv-the-mighty-nein-a-tragedia-de-bucha-e-crimes-a-portuguesa-televisao","status":"publish","type":"post","link":"https:\/\/www.europesays.com\/pt\/157021\/","title":{"rendered":"Quarta na TV: The Mighty Nein, a trag\u00e9dia de Bucha e crimes \u00e0 portuguesa | Televis\u00e3o"},"content":{"rendered":"<p>CINEMA<\/p>\n<p dir=\"ltr\"><strong><a href=\"https:\/\/cinecartaz.publico.pt\/filme\/bucha-memoria-esquecimento-413188\" rel=\"nofollow noopener\" target=\"_blank\">Bucha &#8211; Mem\u00f3ria ou Esquecimento<\/a><\/strong><br \/><strong>Cinemundo, 20h30<\/strong><\/p>\n<p dir=\"ltr\">A invas\u00e3o da R\u00fassia come\u00e7ou com dezenas de ataques a cidades ucranianas antes do amanhecer do dia 24 de Fevereiro de 2022. As tropas invasoras avan\u00e7aram rapidamente at\u00e9 controlar v\u00e1rias \u00e1reas da Ucr\u00e2nia. A cidade de Bucha foi capturada a 12 de Mar\u00e7o e libertada pelas for\u00e7as ucranianas a 31 do mesmo m\u00eas. Poucos dias depois da partida dos soldados russos, eram mostradas imagens das ruas de Bucha cobertas de mortos, muitos deles com as m\u00e3os atadas e sinais de tortura. De acordo com as primeiras estimativas, pelo menos 280 corpos foram encontrados, muitos deles de mulheres e crian\u00e7as. Relatos de crueldade chocaram o mundo, assim como muitas hist\u00f3rias de coragem.<\/p>\n<p dir=\"ltr\">Este filme foca-se em Konstantin Gudauskas, um refugiado cazaque que, durante esses dias de terror, arriscou a pr\u00f3pria vida para salvar mais de 200 pessoas em risco. Realizado, em 2023, por Stanislav Tiunov e escrito por Oleksandr Shchur, estreou-se no Festival de Cinema de Vars\u00f3via e foi projectado no Parlamento Europeu, em Bruxelas. Segundo os autores, todas as personagens ucranianas, assim como as hist\u00f3rias que relatam, s\u00e3o reais.<\/p>\n<p>        &#13;<\/p>\n<p>&#13;<br \/>\n                &#13;\n            <\/p>\n<p>&#13;<\/p>\n<p dir=\"ltr\"><strong><a href=\"https:\/\/cinecartaz.publico.pt\/Filme\/386929_mulher-que-segue-a-frente\" rel=\"nofollow noopener\" target=\"_blank\">Mulher Que Segue \u00e0 Frente<\/a><\/strong><br \/><strong>AXN Movies, 21h10<\/strong><\/p>\n<p dir=\"ltr\">O segundo filme de Susanna White baseia-se numa hist\u00f3ria real. Em 1890, Caroline Weldon (Jessica Chastain) vai de Nova Iorque ao Dakota para pintar um retrato de Touro Sentado (Michael Greyeyes), o l\u00edder da tribo sioux hunkpapa. Acaba por se tornar secret\u00e1ria e confidente do retratado e por se envolver intensamente na luta pelos direitos dos nativos norte-americanos.<\/p>\n<p dir=\"ltr\"><strong>O Filho de Mil Homens<\/strong><br \/><strong>Netflix, streaming<\/strong><\/p>\n<p dir=\"ltr\">Estreia. A primeira adapta\u00e7\u00e3o de um romance portugu\u00eas para a Netflix \u00e9 este filme do brasileiro Daniel Rezende que verte O Filho de Mil Homens (2015), de Valter Hugo M\u00e3e, sobre um pescador solit\u00e1rio que faz 40 anos e deseja ter um filho na pequena aldeia onde vive. Cruza-se com um mi\u00fado \u00f3rf\u00e3o que decide ent\u00e3o criar como seu. Rodrigo Santoro assume o papel principal; Rebeca Jamir, Miguel Martines, Johnny Massaro e Marcello Escorel juntam-se ao elenco.<\/p>\n<p>S\u00c9RIES<\/p>\n<p dir=\"ltr\"><strong>Professor de Ingl\u00eas<\/strong><br \/><strong>Disney+, streaming<\/strong><\/p>\n<p dir=\"ltr\">Entra na segunda e \u00faltima temporada a sitcom criada e protagonizada por Brian Jordan Alvarez, em torno dos desafios pessoais e profissionais de um professor de liceu.<\/p>\n<p dir=\"ltr\"><strong>The Mighty Nein<\/strong><br \/><strong>Prime Video, streaming<\/strong><\/p>\n<p dir=\"ltr\">Estreia. Mesmo \u00e0 medida dos f\u00e3s de fantasia e, em particular, do universo Dungeons &amp; Dragons, esta s\u00e9rie de anima\u00e7\u00e3o prov\u00e9m da segunda campanha da Critical Role \u2014 colectivo que joga, d\u00e1 voz e partilha online, com milh\u00f5es de visualiza\u00e7\u00f5es \u2013, depois de The Legend of Vox Machina. Centra-se num grupo de p\u00e1rias e desajustados que se une para resgatar um artefacto poderoso que caiu nas m\u00e3os erradas. \u00c0 medida que acompanhamos essa jornada, vamos conhecendo as nuances das personalidades e os antecendentes de cada um deles.<\/p>\n<p>DOCUMENT\u00c1RIOS<\/p>\n<p dir=\"ltr\"><strong>Thoughts &amp; Prayers<\/strong><br \/><strong>HBO Max, streaming<\/strong><\/p>\n<p dir=\"ltr\">Estreia. Para al\u00e9m da trag\u00e9dia e do medo, o fen\u00f3meno dos tiroteios em escolas norte-americanas desencadeou outro efeito: a prolifera\u00e7\u00e3o de uma ind\u00fastria de prepara\u00e7\u00e3o para esses \u201ceventos\u201d. Este document\u00e1rio de Zackary Canepari e Jessica Dimmock analisa esse ramo multimilion\u00e1rio e a forma como apresenta os tiroteios como algo inevit\u00e1vel que, por isso, exige treino de sobreviv\u00eancia. Ao mesmo tempo, coloca quest\u00f5es essenciais como a raz\u00e3o de o investimento ser feito a jusante (e n\u00e3o a montante, prevenindo a viol\u00eancia com armas) ou o impacto psicol\u00f3gico que est\u00e1 a ter nos educadores e, principalmente, nos mi\u00fados que crescem a terem que aprender esta mat\u00e9ria.<\/p>\n<p dir=\"ltr\"><strong>PJ7<\/strong><br \/><strong>AMC Crime, 21h15<\/strong><\/p>\n<p dir=\"ltr\">Na abertura do especial Crimes \u00e0 Portuguesa, o AMC Crime acolhe a s\u00e9rie documental da RTP que aborda casos medi\u00e1ticos na perspectiva de quem liderou as investiga\u00e7\u00f5es \u2014 mais precisamente, 27 membros da Pol\u00edcia Judici\u00e1ria. O primeiro cap\u00edtulo det\u00e9m-se sobre o processo que culminou na deten\u00e7\u00e3o de Francisco \u201c<a href=\"https:\/\/www.publico.pt\/2017\/09\/18\/sociedade\/noticia\/condenacao-por-centenas-de-violacoes-nao-agrava-prisao-de-rei-ghob-1785818\" rel=\"nofollow noopener\" target=\"_blank\">Rei Ghob<\/a>\u201d Leit\u00e3o, que atra\u00eda adolescentes \u00e0 sua casa acastelada na Carqueja (Lourinh\u00e3) e foi condenado pela viola\u00e7\u00e3o de v\u00e1rios jovens e pelo homic\u00eddio de tr\u00eas. O gangue do Vale do Sousa \u00e9 o alvo do epis\u00f3dio que se segue.<\/p>\n<p dir=\"ltr\">\u00c0s 22h18, chegam os tr\u00eas segmentos da miniss\u00e9rie George, sobre o percurso alucinante de George Wright, criminoso condenado e foragido dos EUA que veio viver para Portugal como Jos\u00e9 Lu\u00eds Jorge dos Santos e, por ser cidad\u00e3o portugu\u00eas, conseguiu evitar a extradi\u00e7\u00e3o pedida pelo FBI. O especial continua nas pr\u00f3ximas duas quartas-feiras, com mais PJ7 e com a s\u00e9rie de Rita Marrafa de Carvalho Depois do Crime, acerca de alguns dos mais medi\u00e1ticos crimes de sangue em Portugal.<\/p>\n<p>        &#13;<\/p>\n<p>&#13;<br \/>\n                &#13;\n            <\/p>\n<p>&#13;<\/p>\n","protected":false},"excerpt":{"rendered":"CINEMA Bucha &#8211; Mem\u00f3ria ou EsquecimentoCinemundo, 20h30 A invas\u00e3o da R\u00fassia come\u00e7ou com dezenas de ataques a cidades&hellip;\n","protected":false},"author":2,"featured_media":157022,"comment_status":"","ping_status":"","sticky":false,"template":"","format":"standard","meta":{"footnotes":""},"categories":[142],"tags":[470,1413,1414,114,115,294,32,33,291,941,940,218,151],"class_list":{"0":"post-157021","1":"post","2":"type-post","3":"status-publish","4":"format-standard","5":"has-post-thumbnail","7":"category-tv","8":"tag-cinema","9":"tag-cultura-ipsilon","10":"tag-documentario","11":"tag-entertainment","12":"tag-entretenimento","13":"tag-lazer","14":"tag-portugal","15":"tag-pt","16":"tag-relaxar","17":"tag-series","18":"tag-streaming","19":"tag-televisao","20":"tag-tv"},"share_on_mastodon":{"url":"https:\/\/pubeurope.com\/@pt\/115573158681578207","error":""},"_links":{"self":[{"href":"https:\/\/www.europesays.com\/pt\/wp-json\/wp\/v2\/posts\/157021","targetHints":{"allow":["GET"]}}],"collection":[{"href":"https:\/\/www.europesays.com\/pt\/wp-json\/wp\/v2\/posts"}],"about":[{"href":"https:\/\/www.europesays.com\/pt\/wp-json\/wp\/v2\/types\/post"}],"author":[{"embeddable":true,"href":"https:\/\/www.europesays.com\/pt\/wp-json\/wp\/v2\/users\/2"}],"replies":[{"embeddable":true,"href":"https:\/\/www.europesays.com\/pt\/wp-json\/wp\/v2\/comments?post=157021"}],"version-history":[{"count":0,"href":"https:\/\/www.europesays.com\/pt\/wp-json\/wp\/v2\/posts\/157021\/revisions"}],"wp:featuredmedia":[{"embeddable":true,"href":"https:\/\/www.europesays.com\/pt\/wp-json\/wp\/v2\/media\/157022"}],"wp:attachment":[{"href":"https:\/\/www.europesays.com\/pt\/wp-json\/wp\/v2\/media?parent=157021"}],"wp:term":[{"taxonomy":"category","embeddable":true,"href":"https:\/\/www.europesays.com\/pt\/wp-json\/wp\/v2\/categories?post=157021"},{"taxonomy":"post_tag","embeddable":true,"href":"https:\/\/www.europesays.com\/pt\/wp-json\/wp\/v2\/tags?post=157021"}],"curies":[{"name":"wp","href":"https:\/\/api.w.org\/{rel}","templated":true}]}}