{"id":157023,"date":"2025-11-18T22:53:09","date_gmt":"2025-11-18T22:53:09","guid":{"rendered":"https:\/\/www.europesays.com\/pt\/157023\/"},"modified":"2025-11-18T22:53:09","modified_gmt":"2025-11-18T22:53:09","slug":"robbie-williams-musico-britanico-diz-estar-ficando-cego-18-11-2025-ilustrada","status":"publish","type":"post","link":"https:\/\/www.europesays.com\/pt\/157023\/","title":{"rendered":"Robbie Williams: M\u00fasico brit\u00e2nico diz estar ficando cego &#8211; 18\/11\/2025 &#8211; Ilustrada"},"content":{"rendered":"<p>O cantor <a href=\"https:\/\/www1.folha.uol.com.br\/ilustrada\/2025\/03\/filme-sobre-robbie-williams-mostra-cantor-dividido-entre-os-seus-traumas-e-sucessos.shtml\" rel=\"nofollow noopener\" target=\"\">Robbie Williams<\/a>, 51 anos, conhecido por hits como &#8220;Rock DJ&#8221; e &#8220;Feel&#8221;, disse estar preocupado com a sua vis\u00e3o, em entrevista ao jornal brit\u00e2nico <a href=\"https:\/\/www1.folha.uol.com.br\/fsp\/mundo\/ft010921.htm\" rel=\"nofollow noopener\" target=\"\">The Sun<\/a>. Segundo o artista, o uso de rem\u00e9dios para emagrecer est\u00e1 deixando ele cego. &#8220;[Minha vis\u00e3o] est\u00e1 emba\u00e7ada h\u00e1 algum tempo&#8221;, afirmou Williams.<\/p>\n<p>&#8220;Quero alertar as pessoas que est\u00e3o lendo isso sobre os riscos potenciais, para que se certifiquem de pesquisar bem. Eu fui um dos primeiros a tomar as inje\u00e7\u00f5es, mas tamb\u00e9m estou percebendo que minha vis\u00e3o n\u00e3o est\u00e1 muito boa. N\u00e3o acredito que seja a idade, acredito que sejam as inje\u00e7\u00f5es&#8221;, disse ele.<\/p>\n<p>&#8220;Fui ao oftalmologista por causa disso, mas n\u00e3o mencionei o <a href=\"https:\/\/www1.folha.uol.com.br\/equilibrioesaude\/2025\/09\/doses-mais-altas-do-mounjaro-chegam-ao-brasil-com-precos-que-variam-de-r-26-mil-a-r-36-mil.shtml\" rel=\"nofollow noopener\" target=\"\">Mounjaro <\/a>[rem\u00e9dio de emagrecimento] porque ainda n\u00e3o tinha feito a conex\u00e3o. Claro que \u00e9 preocupante e, sendo honesto hoje, obviamente quero alertar as pessoas que est\u00e3o lendo isso sobre os riscos potenciais, para que se certifiquem de pesquisar bem. Mas falando s\u00e9rio, estou t\u00e3o doente que provavelmente continuaria tomando at\u00e9 perder completamente a vis\u00e3o de um dos olhos.&#8221;<\/p>\n<p>Em entrevista ao portal brit\u00e2nico The Times, que aconteceu em outubro, Williams j\u00e1 havia falado sobre uma s\u00e9rie de problemas de autoestima, que, segundo ele, estariam diretamente relacionados a suas medidas para perder peso.<\/p>\n<p>&#8220;Estou usando <a href=\"https:\/\/www1.folha.uol.com.br\/equilibrio\/2025\/08\/como-o-ozempic-funciona-o-uso-de-mounjaro-deve-ser-continuo-entenda-neste-guia-em-12-topicos.shtml\" rel=\"nofollow noopener\" target=\"\">Ozempic<\/a>\u2026 Bem, algo parecido com Ozempic. \u00c9 como um milagre de <a href=\"https:\/\/guia.folha.uol.com.br\/passeios\/2024\/12\/natal-em-sp-tem-castelo-de-gelo-arvores-gigantes-e-patinacao-gratis-veja-programacao.shtml\" rel=\"nofollow noopener\" target=\"\">Natal<\/a>. Emagreci de 88kg para 77kg. E preciso disso, por motivos m\u00e9dicos. Fui diagnosticado com transtorno de avers\u00e3o a mim mesmo tipo 2. \u00c9 chocantemente catastr\u00f3fico para minha sa\u00fade mental ficar mais gordo&#8221;, afirmou ele \u00e0 \u00e9poca.<\/p>\n<p>Em mar\u00e7o de 2025, uma cinebiografia sobre o cantor chegou aos cinemas brasileiros. &#8220;<a href=\"https:\/\/www1.folha.uol.com.br\/ilustrada\/2025\/03\/better-man-empolga-ao-retratar-robbie-williams-enquanto-chimpanze.shtml\" rel=\"nofollow noopener\" target=\"\">Better Man<\/a>&#8221; conta a hist\u00f3ria do m\u00fasico pela perspectiva de um macaco digital, que utiliza o nome do artista e o representa em tela.<\/p>\n","protected":false},"excerpt":{"rendered":"O cantor Robbie Williams, 51 anos, conhecido por hits como &#8220;Rock DJ&#8221; e &#8220;Feel&#8221;, disse estar preocupado com&hellip;\n","protected":false},"author":2,"featured_media":157024,"comment_status":"","ping_status":"","sticky":false,"template":"","format":"standard","meta":{"footnotes":""},"categories":[141],"tags":[207,1026,114,115,236,149,150,1025,32,33,23472,117],"class_list":{"0":"post-157023","1":"post","2":"type-post","3":"status-publish","4":"format-standard","5":"has-post-thumbnail","7":"category-musica","8":"tag-arte","9":"tag-emagrecimento","10":"tag-entertainment","11":"tag-entretenimento","12":"tag-folha","13":"tag-music","14":"tag-musica","15":"tag-ozempic","16":"tag-portugal","17":"tag-pt","18":"tag-robbie-williams","19":"tag-saude"},"share_on_mastodon":{"url":"https:\/\/pubeurope.com\/@pt\/115573162173613597","error":""},"_links":{"self":[{"href":"https:\/\/www.europesays.com\/pt\/wp-json\/wp\/v2\/posts\/157023","targetHints":{"allow":["GET"]}}],"collection":[{"href":"https:\/\/www.europesays.com\/pt\/wp-json\/wp\/v2\/posts"}],"about":[{"href":"https:\/\/www.europesays.com\/pt\/wp-json\/wp\/v2\/types\/post"}],"author":[{"embeddable":true,"href":"https:\/\/www.europesays.com\/pt\/wp-json\/wp\/v2\/users\/2"}],"replies":[{"embeddable":true,"href":"https:\/\/www.europesays.com\/pt\/wp-json\/wp\/v2\/comments?post=157023"}],"version-history":[{"count":0,"href":"https:\/\/www.europesays.com\/pt\/wp-json\/wp\/v2\/posts\/157023\/revisions"}],"wp:featuredmedia":[{"embeddable":true,"href":"https:\/\/www.europesays.com\/pt\/wp-json\/wp\/v2\/media\/157024"}],"wp:attachment":[{"href":"https:\/\/www.europesays.com\/pt\/wp-json\/wp\/v2\/media?parent=157023"}],"wp:term":[{"taxonomy":"category","embeddable":true,"href":"https:\/\/www.europesays.com\/pt\/wp-json\/wp\/v2\/categories?post=157023"},{"taxonomy":"post_tag","embeddable":true,"href":"https:\/\/www.europesays.com\/pt\/wp-json\/wp\/v2\/tags?post=157023"}],"curies":[{"name":"wp","href":"https:\/\/api.w.org\/{rel}","templated":true}]}}