{"id":157025,"date":"2025-11-18T23:00:30","date_gmt":"2025-11-18T23:00:30","guid":{"rendered":"https:\/\/www.europesays.com\/pt\/157025\/"},"modified":"2025-11-18T23:00:30","modified_gmt":"2025-11-18T23:00:30","slug":"russia-reivindica-abate-de-31-drones-ucranianos-em-regioes-de-fronteira","status":"publish","type":"post","link":"https:\/\/www.europesays.com\/pt\/157025\/","title":{"rendered":"R\u00fassia reivindica abate de 31 drones ucranianos em regi\u00f5es de fronteira"},"content":{"rendered":"<p>&#13;<br \/>\nDe acordo com o relat\u00f3rio militar, o maior n\u00famero de aparelhos a\u00e9reos n\u00e3o tripulados\u00a0(drones) abatidos ocorreu na regi\u00e3o de Bryansk, na fronteira com a Ucr\u00e2nia, e na regi\u00e3o de Tambov, onde foram abatidos dez\u00a0drones em cada uma das \u00e1reas.&#13;\n<\/p>\n<p>&#13;<br \/>\nOs restantes drones foram intercetados e destru\u00eddos sobre as regi\u00f5es de Rostov (tr\u00eas), Yaroslavl (tr\u00eas), Smolensk (dois), Kursk (um) e Oryol (um).&#13;\n<\/p>\n<p>&#13;<br \/>\nDevido aos ataques a\u00e9reos ocorridos durante a madrugada, as autoridades russas suspenderam temporariamente as opera\u00e7\u00f5es nos aeroportos das cidades de\u00a0Saratov e Penza.&#13;\n<\/p>\n<p>&#13;<br \/>\nSegundo Kiev, o\u00a0principal alvo dos ataques com\u00a0drones s\u00e3o as instala\u00e7\u00f5es de produ\u00e7\u00e3o e abastecimento de energia russas.&#13;\n<\/p>\n<p>&#13;<br \/>\nCom os ataques, a Ucr\u00e2nia procura, por um lado, interromper o fornecimento de combust\u00edvel \u00e0s For\u00e7as Armadas russas e, por outro, diminuir a capacidade da R\u00fassia exportar petr\u00f3leo bruto e derivados, uma das principais fontes de divisas do pa\u00eds.&#13;<\/p>\n","protected":false},"excerpt":{"rendered":"&#13; De acordo com o relat\u00f3rio militar, o maior n\u00famero de aparelhos a\u00e9reos n\u00e3o tripulados\u00a0(drones) abatidos ocorreu na&hellip;\n","protected":false},"author":2,"featured_media":157026,"comment_status":"","ping_status":"","sticky":false,"template":"","format":"standard","meta":{"footnotes":""},"categories":[50],"tags":[27,28,15,16,14,25,26,21,22,62,12,13,19,20,33700,33701,23,24,11330,17,18,840,29,30,31,63,64,65],"class_list":{"0":"post-157025","1":"post","2":"type-post","3":"status-publish","4":"format-standard","5":"has-post-thumbnail","7":"category-mundo","8":"tag-breaking-news","9":"tag-breakingnews","10":"tag-featured-news","11":"tag-featurednews","12":"tag-headlines","13":"tag-latest-news","14":"tag-latestnews","15":"tag-main-news","16":"tag-mainnews","17":"tag-mundo","18":"tag-news","19":"tag-noticias","20":"tag-noticias-principais","21":"tag-noticiasprincipais","22":"tag-oryol","23":"tag-penza","24":"tag-principais-noticias","25":"tag-principaisnoticias","26":"tag-rostov","27":"tag-top-stories","28":"tag-topstories","29":"tag-ucrania","30":"tag-ultimas","31":"tag-ultimas-noticias","32":"tag-ultimasnoticias","33":"tag-world","34":"tag-world-news","35":"tag-worldnews"},"share_on_mastodon":{"url":"https:\/\/pubeurope.com\/@pt\/115573189760615962","error":""},"_links":{"self":[{"href":"https:\/\/www.europesays.com\/pt\/wp-json\/wp\/v2\/posts\/157025","targetHints":{"allow":["GET"]}}],"collection":[{"href":"https:\/\/www.europesays.com\/pt\/wp-json\/wp\/v2\/posts"}],"about":[{"href":"https:\/\/www.europesays.com\/pt\/wp-json\/wp\/v2\/types\/post"}],"author":[{"embeddable":true,"href":"https:\/\/www.europesays.com\/pt\/wp-json\/wp\/v2\/users\/2"}],"replies":[{"embeddable":true,"href":"https:\/\/www.europesays.com\/pt\/wp-json\/wp\/v2\/comments?post=157025"}],"version-history":[{"count":0,"href":"https:\/\/www.europesays.com\/pt\/wp-json\/wp\/v2\/posts\/157025\/revisions"}],"wp:featuredmedia":[{"embeddable":true,"href":"https:\/\/www.europesays.com\/pt\/wp-json\/wp\/v2\/media\/157026"}],"wp:attachment":[{"href":"https:\/\/www.europesays.com\/pt\/wp-json\/wp\/v2\/media?parent=157025"}],"wp:term":[{"taxonomy":"category","embeddable":true,"href":"https:\/\/www.europesays.com\/pt\/wp-json\/wp\/v2\/categories?post=157025"},{"taxonomy":"post_tag","embeddable":true,"href":"https:\/\/www.europesays.com\/pt\/wp-json\/wp\/v2\/tags?post=157025"}],"curies":[{"name":"wp","href":"https:\/\/api.w.org\/{rel}","templated":true}]}}