{"id":157027,"date":"2025-11-18T23:01:16","date_gmt":"2025-11-18T23:01:16","guid":{"rendered":"https:\/\/www.europesays.com\/pt\/157027\/"},"modified":"2025-11-18T23:01:16","modified_gmt":"2025-11-18T23:01:16","slug":"agentes-da-psp-suspeitos-de-sodomizarem-dois-sem-abrigo-observador","status":"publish","type":"post","link":"https:\/\/www.europesays.com\/pt\/157027\/","title":{"rendered":"Agentes da PSP suspeitos de sodomizarem dois sem-abrigo \u2013 Observador"},"content":{"rendered":"<p>Dois agentes da Pol\u00edcia de Seguran\u00e7a P\u00fablica (PSP), de 25 anos, s\u00e3o suspeitos de sodomizar com recurso a um bast\u00e3o e a um cabo de uma vassoura duas pessoas em situa\u00e7\u00e3o de sem-abrigo. Os dois homens \u2014 toxicodependentes \u2014 foram levados para a Esquadra do Rato, em Lisboa, onde ficaram retidos v\u00e1rias horas, apesar de n\u00e3o terem sido formalmente detidos pelo roubo de 55 euros num estabelecimento comercial.<\/p>\n<p><a href=\"https:\/\/www.jn.pt\/justica\/artigo\/psp-sodomiza-sem-abrigo-com-bastao-colegas-filmam-a-cena-e-riem-se\/18021008\" rel=\"nofollow noopener\" target=\"_blank\">A not\u00edcia foi avan\u00e7ada pelo Jornal de Not\u00edcias<\/a>, que cita um ac\u00f3rd\u00e3o do Tribunal da Rela\u00e7\u00e3o de Lisboa.<strong> Os dois agentes da PSP ficaram em pris\u00e3o preventiva<\/strong> \u2014 foram detidos em julho e v\u00e3o continuar nessa situa\u00e7\u00e3o, de acordo com uma decis\u00e3o proferida pelo \u00f3rg\u00e3o judicial de 4 de novembro.<\/p>\n<p>O Tribunal da Rela\u00e7\u00e3o de Lisboa acusa os dois agentes de se \u201cdistanciaram, em muito, do que s\u00e3o os seus deveres e atribui\u00e7\u00e3o\u201d: \u201cDemonstraram uma personalidade completamente avessa ao dever ser jur\u00eddico penal, n\u00e3o s\u00f3 pela gravidade dos crimes indiciados, mas movidos igualmente por um desejo de humilha\u00e7\u00e3o dos ofendidos\u201d. Foi uma \u201cpura demonstra\u00e7\u00e3o de superioridade de quem se permite atuar desta forma, munido de um alegado poder sobre as v\u00edtimas, <strong>mesmo postos perante um real sofrimento das mesmas\u201d.<\/strong><\/p>\n<p>Um dos agentes \u00e9 suspeito de agredir com socos e pontap\u00e9s os sem-abrigo e introduzir um bast\u00e3o no \u00e2nus num dos homens, obrigando-o depois a cheirar o objeto. Outro ter\u00e1 colocado o cabo de uma vassoura no \u00e2nus do outro sem-abrigo \u2014 e ter\u00e1 ordenado que simulassem a pr\u00e1tica de rela\u00e7\u00f5es sexuais. Ao mesmo tempo, os pol\u00edcias ter\u00e3o deixado amea\u00e7as aos dois homens.<\/p>\n<p>Durante o sucedido, <strong>outros pol\u00edcias filmaram as humilha\u00e7\u00f5es<\/strong> a que foram sujeitos os dois sem-abrigo e riram-se. Um dos agentes, sem farda e com forte odor a \u00e1lcool, \u00e9 suspeito de responsabilizar os homens por um acidente de via\u00e7\u00e3o em que se envolveram durante a desloca\u00e7\u00e3o para a esquadra. Esse pol\u00edcia ter\u00e1 retirado o cinto das cal\u00e7as e batido repetidamente num dos sem-abrigo.<\/p>\n<p>Segundo o Jornal de Not\u00edcias, a viol\u00eancia apenas parou quando outro agente chegou e perguntou o que se passava. Os sem-abrigo foram depois libertados, mas nem se queixaram, nem procurar ajuda m\u00e9dica. Foi a Dire\u00e7\u00e3o da PSP que soube do caso e os dois pol\u00edcias ficaram em pris\u00e3o preventiva; tentaram recorrer, mas perderam.<\/p>\n<p>O Tribunal da Rela\u00e7\u00e3o de Lisboa deixou cr\u00edticas \u00e0 \u201cpersonalidade violenta, temer\u00e1ria e intempestiva\u201d dos dois agentes. \u201cOs crimes fortemente indiciados s\u00e3o graves\u201d, estando \u201cintimamente relacionados com o exerc\u00edcio da autoridade p\u00fablica da qual se espera prote\u00e7\u00e3o\u201d. Segundo o ac\u00f3rd\u00e3o, a pena dos dois pol\u00edcias de 25 anos poder\u00e1 ser \u201csuperior a cinco anos\u201d.<\/p>\n","protected":false},"excerpt":{"rendered":"Dois agentes da Pol\u00edcia de Seguran\u00e7a P\u00fablica (PSP), de 25 anos, s\u00e3o suspeitos de sodomizar com recurso a&hellip;\n","protected":false},"author":2,"featured_media":157028,"comment_status":"","ping_status":"","sticky":false,"template":"","format":"standard","meta":{"footnotes":""},"categories":[10],"tags":[27,28,604,15,16,14,25,26,797,21,22,12,13,19,20,57,2003,32,23,24,1306,33,2004,8476,58,17,18,29,30,31],"class_list":{"0":"post-157027","1":"post","2":"type-post","3":"status-publish","4":"format-standard","5":"has-post-thumbnail","7":"category-portugal","8":"tag-breaking-news","9":"tag-breakingnews","10":"tag-crime","11":"tag-featured-news","12":"tag-featurednews","13":"tag-headlines","14":"tag-latest-news","15":"tag-latestnews","16":"tag-lisboa","17":"tag-main-news","18":"tag-mainnews","19":"tag-news","20":"tag-noticias","21":"tag-noticias-principais","22":"tag-noticiasprincipais","23":"tag-pau00eds","24":"tag-polu00edcia","25":"tag-portugal","26":"tag-principais-noticias","27":"tag-principaisnoticias","28":"tag-psp","29":"tag-pt","30":"tag-seguranu00e7a","31":"tag-sem-abrigo","32":"tag-sociedade","33":"tag-top-stories","34":"tag-topstories","35":"tag-ultimas","36":"tag-ultimas-noticias","37":"tag-ultimasnoticias"},"share_on_mastodon":{"url":"https:\/\/pubeurope.com\/@pt\/115573193605634805","error":""},"_links":{"self":[{"href":"https:\/\/www.europesays.com\/pt\/wp-json\/wp\/v2\/posts\/157027","targetHints":{"allow":["GET"]}}],"collection":[{"href":"https:\/\/www.europesays.com\/pt\/wp-json\/wp\/v2\/posts"}],"about":[{"href":"https:\/\/www.europesays.com\/pt\/wp-json\/wp\/v2\/types\/post"}],"author":[{"embeddable":true,"href":"https:\/\/www.europesays.com\/pt\/wp-json\/wp\/v2\/users\/2"}],"replies":[{"embeddable":true,"href":"https:\/\/www.europesays.com\/pt\/wp-json\/wp\/v2\/comments?post=157027"}],"version-history":[{"count":0,"href":"https:\/\/www.europesays.com\/pt\/wp-json\/wp\/v2\/posts\/157027\/revisions"}],"wp:featuredmedia":[{"embeddable":true,"href":"https:\/\/www.europesays.com\/pt\/wp-json\/wp\/v2\/media\/157028"}],"wp:attachment":[{"href":"https:\/\/www.europesays.com\/pt\/wp-json\/wp\/v2\/media?parent=157027"}],"wp:term":[{"taxonomy":"category","embeddable":true,"href":"https:\/\/www.europesays.com\/pt\/wp-json\/wp\/v2\/categories?post=157027"},{"taxonomy":"post_tag","embeddable":true,"href":"https:\/\/www.europesays.com\/pt\/wp-json\/wp\/v2\/tags?post=157027"}],"curies":[{"name":"wp","href":"https:\/\/api.w.org\/{rel}","templated":true}]}}