{"id":15703,"date":"2025-08-04T15:06:46","date_gmt":"2025-08-04T15:06:46","guid":{"rendered":"https:\/\/www.europesays.com\/pt\/15703\/"},"modified":"2025-08-04T15:06:46","modified_gmt":"2025-08-04T15:06:46","slug":"nuno-homem-de-sa-implacavel-com-concorrente-do-big-brother-verao-o-ressabianco","status":"publish","type":"post","link":"https:\/\/www.europesays.com\/pt\/15703\/","title":{"rendered":"Nuno Homem de S\u00e1 &#8216;implac\u00e1vel&#8217; com concorrente do Big Brother Ver\u00e3o: &#8220;O ressabian\u00e7o&#8221;"},"content":{"rendered":"<p>\t\t\t\t\t\t\t\t\t\t\t\t<a href=\"#\" onclick=\"window.open('http:\/\/www.facebook.com\/sharer.php?u=https:\/\/cusquices.com\/nuno-homem-de-sa-implacavel-com-concorrente-do-big-brother-verao-o-ressabianco\/&amp;t=Nuno Homem de S\u00e1 \u2018implac\u00e1vel\u2019 com concorrente do Big Brother Ver\u00e3o: \u201cO ressabian\u00e7o\u201d', 'facebookShare', 'width=626,height=436'); return false;\" title=\"Share on Facebook\"><\/p>\n<p>Share<\/p>\n<p><\/a><br \/>\n\t\t\t\t\t\t\t\t\t\t\t\t<a href=\"#\" onclick=\"window.open('http:\/\/twitter.com\/share?text=Nuno Homem de S\u00e1 \u2018implac\u00e1vel\u2019 com concorrente do Big Brother Ver\u00e3o: \u201cO ressabian\u00e7o\u201d -&amp;url=https:\/\/cusquices.com\/nuno-homem-de-sa-implacavel-com-concorrente-do-big-brother-verao-o-ressabianco\/', 'twitterShare', 'width=626,height=436'); return false;\" title=\"Tweet This Post\"><\/p>\n<p>Tweet<\/p>\n<p><\/a><br \/>\n\t\t\t\t\t\t\t\t\t\t\t\t<a href=\"whatsapp:\/\/send?text=Nuno Homem de S\u00e1 \u2018implac\u00e1vel\u2019 com concorrente do Big Brother Ver\u00e3o: \u201cO ressabian\u00e7o\u201d https:\/\/cusquices.com\/nuno-homem-de-sa-implacavel-com-concorrente-do-big-brother-verao-o-ressabianco\/\" rel=\"nofollow\"><\/p>\n<p>Share<\/p>\n<p><\/a><br \/>\n\t\t\t\t\t\t\t\t\t\t\t\t<a href=\"#\" onclick=\"window.open('http:\/\/pinterest.com\/pin\/create\/button\/?url=https:\/\/cusquices.com\/nuno-homem-de-sa-implacavel-com-concorrente-do-big-brother-verao-o-ressabianco\/&amp;media=https:\/\/cusquices.com\/wp-content\/uploads\/2025\/08\/nunohsa-1000x600.jpg&amp;description=Nuno Homem de S\u00e1 \u2018implac\u00e1vel\u2019 com concorrente do Big Brother Ver\u00e3o: \u201cO ressabian\u00e7o\u201d', 'pinterestShare', 'width=750,height=350'); return false;\" title=\"Pin This Post\"><\/p>\n<p>Share<\/p>\n<p><\/a><br \/>\n\t\t\t\t\t\t\t\t\t\t\t\t<a href=\"mailto:?subject=Nuno Homem de S\u00e1 \u2018implac\u00e1vel\u2019 com concorrente do Big Brother Ver\u00e3o: \u201cO ressabian\u00e7o\u201d&amp;BODY=I found this article interesting and thought of sharing it with you. Check it out: https:\/\/cusquices.com\/nuno-homem-de-sa-implacavel-com-concorrente-do-big-brother-verao-o-ressabianco\/\"><\/p>\n<p>Email<\/p>\n<p><\/a><br \/>\n\t\t\t\t\t\t\t\t\t\t\t\t\t\t\t\t\t\t\t\t\t\t\t\t\t\t\t\t\t\t\t\t\t\t\t\t\t\t\t\t\t\t\t\t\t\t\t\t\t\t\t\t\t<a href=\"https:\/\/cusquices.com\/nuno-homem-de-sa-implacavel-com-concorrente-do-big-brother-verao-o-ressabianco\/#respond\" rel=\"nofollow noopener\" target=\"_blank\"><\/p>\n<p>Nuno Homem de S\u00e1 n\u00e3o foi brando nas cr\u00edticas a concorrente do Big Brother Ver\u00e3o.<\/p>\n<p><strong>Nuno Homem de S\u00e1<\/strong> tem-se mostrado atento ao <strong>Big Brother Ver\u00e3o <\/strong>e vai reagindo nas suas redes sociais a alguns momentos do reality show. O ator n\u00e3o ficou indiferente \u00e0 gala do <strong>Big Brother Ver\u00e3o <\/strong>deste domingo, 3 de agosto e reagiu \u00e0 pol\u00e9mica de <strong>Daniela Santos,<\/strong> que amea\u00e7ou desistir em direto e acabou por voltar atr\u00e1s.<\/p>\n<p>O ator foi implac\u00e1vel com a bailarina e n\u00e3o d\u00favidas que ela devia ter desistido: <strong>\u201cO \u201cressabian\u00e7o\u201d da Daniela \u00e9 triste, ro\u00e7a o pat\u00e9tico e s\u00f3 a prejudica. O seu falso-pudor atrapalha e fica com o jogo (e a cabe\u00e7a) num n\u00f3-cego, sem sa\u00edda. S\u00f3 assim se explica o p\u00e2nico em que entra quando a \u201cassociam a homens.\u201d P\u00e9ssima estrat\u00e9gia querer fazer-se passar pela \u2018Virgem da Malveira<\/strong>\u2018\u201d, come\u00e7ou por dizer.<\/p>\n<p><strong>\u201cContinuar no programa s\u00f3 a vai prejudicar, tal como nas edi\u00e7\u00f5es anteriores. \u00c9 pena, at\u00e9 gostava dela mas a sua falta de vis\u00e3o s\u00f3 a faz perder-se nos detalhes. J\u00e1 chega.\u201d<\/strong>, acrescentou.<\/p>\n<p>Ora veja:<\/p>\n<p><img loading=\"lazy\" decoding=\"async\" width=\"567\" height=\"1024\" src=\"https:\/\/www.europesays.com\/pt\/wp-content\/uploads\/2025\/08\/nunosa-danielas-567x1024.png\" alt=\"\" class=\"wp-image-97119 webpexpress-processed\"  \/><\/p>\n<p><strong>Leia tamb\u00e9m:<\/strong><\/p>\n<p>\t\t\t\t\t\t\t\t\t\t\t\t\t\t\t\t\t\t\t\t\t\t\t\t\t<img decoding=\"async\" src=\"https:\/\/www.europesays.com\/pt\/wp-content\/uploads\/2025\/07\/cusquices-logo-52x.png\" class=\"webpexpress-processed\"\/><\/p>\n<p>\t\t\t\t\t\t\t\t\t\t\t\t\t\t\t\t\t\t\t\t\t            \t\t\t\t\t\t\t\t\t\t\t\t\t\t\t\t\t\t\t\t\t\t\t\t\t\t\t\t\t\t\t\t\t\t\t\t\t\t\t<script async src=\"https:\/\/platform.twitter.com\/widgets.js\" charset=\"utf-8\"><\/script><\/p>\n","protected":false},"excerpt":{"rendered":"Share Tweet Share Share Email Nuno Homem de S\u00e1 n\u00e3o foi brando nas cr\u00edticas a concorrente do Big&hellip;\n","protected":false},"author":2,"featured_media":15704,"comment_status":"","ping_status":"","sticky":false,"template":"","format":"standard","meta":{"footnotes":""},"categories":[8],"tags":[48,27,28,1397,49,980,15,16,14,25,26,21,22,12,13,19,20,6196,32,23,24,33,17,18,29,30,31],"class_list":{"0":"post-15703","1":"post","2":"type-post","3":"status-publish","4":"format-standard","5":"has-post-thumbnail","7":"category-principais-noticias","8":"tag-big-brother","9":"tag-breaking-news","10":"tag-breakingnews","11":"tag-daniela-santos","12":"tag-destaques","13":"tag-famosos","14":"tag-featured-news","15":"tag-featurednews","16":"tag-headlines","17":"tag-latest-news","18":"tag-latestnews","19":"tag-main-news","20":"tag-mainnews","21":"tag-news","22":"tag-noticias","23":"tag-noticias-principais","24":"tag-noticiasprincipais","25":"tag-nuno-homem-de-sa","26":"tag-portugal","27":"tag-principais-noticias","28":"tag-principaisnoticias","29":"tag-pt","30":"tag-top-stories","31":"tag-topstories","32":"tag-ultimas","33":"tag-ultimas-noticias","34":"tag-ultimasnoticias"},"share_on_mastodon":{"url":"","error":""},"_links":{"self":[{"href":"https:\/\/www.europesays.com\/pt\/wp-json\/wp\/v2\/posts\/15703","targetHints":{"allow":["GET"]}}],"collection":[{"href":"https:\/\/www.europesays.com\/pt\/wp-json\/wp\/v2\/posts"}],"about":[{"href":"https:\/\/www.europesays.com\/pt\/wp-json\/wp\/v2\/types\/post"}],"author":[{"embeddable":true,"href":"https:\/\/www.europesays.com\/pt\/wp-json\/wp\/v2\/users\/2"}],"replies":[{"embeddable":true,"href":"https:\/\/www.europesays.com\/pt\/wp-json\/wp\/v2\/comments?post=15703"}],"version-history":[{"count":0,"href":"https:\/\/www.europesays.com\/pt\/wp-json\/wp\/v2\/posts\/15703\/revisions"}],"wp:featuredmedia":[{"embeddable":true,"href":"https:\/\/www.europesays.com\/pt\/wp-json\/wp\/v2\/media\/15704"}],"wp:attachment":[{"href":"https:\/\/www.europesays.com\/pt\/wp-json\/wp\/v2\/media?parent=15703"}],"wp:term":[{"taxonomy":"category","embeddable":true,"href":"https:\/\/www.europesays.com\/pt\/wp-json\/wp\/v2\/categories?post=15703"},{"taxonomy":"post_tag","embeddable":true,"href":"https:\/\/www.europesays.com\/pt\/wp-json\/wp\/v2\/tags?post=15703"}],"curies":[{"name":"wp","href":"https:\/\/api.w.org\/{rel}","templated":true}]}}