{"id":157035,"date":"2025-11-18T23:08:18","date_gmt":"2025-11-18T23:08:18","guid":{"rendered":"https:\/\/www.europesays.com\/pt\/157035\/"},"modified":"2025-11-18T23:08:18","modified_gmt":"2025-11-18T23:08:18","slug":"radio-educadora-fm-dois-vizinhos-pr-25","status":"publish","type":"post","link":"https:\/\/www.europesays.com\/pt\/157035\/","title":{"rendered":"R\u00e1dio Educadora FM &#8211; Dois Vizinhos PR."},"content":{"rendered":"<p>\n                            O homem estava desaparecido desde a noite de sexta-feira(14), quando saiu para pescar com um amigo                        <\/p>\n<p style=\"text-align: justify;\">Nesta segunda-feira (17), o corpo de um homem foi encontrado no rio Igua\u00e7u, na \u00e1rea da Usina de Salto Os\u00f3rio, em S\u00e3o Jorge D\u2019Oeste. Ele foi identificado como S\u00e9rgio Binder, pescador que estava desaparecido desde s\u00e1bado, quando saiu para pescar e n\u00e3o retornou.<br \/>De acordo com as equipes, o desaparecimento ocorreu ap\u00f3s a abertura das comportas da usina. A fam\u00edlia acionou o Corpo de Bombeiros ainda no final da manh\u00e3 de s\u00e1bado, mas as buscas iniciais n\u00e3o tiveram resultado.<br \/>Na tarde desta segunda-feira, por volta das 17h, o Batalh\u00e3o de Pol\u00edcia Militar de Opera\u00e7\u00f5es A\u00e9reas (BPMOA), que atua dentro da Opera\u00e7\u00e3o Protetor, foi chamado para apoiar a procura. A aeronave Falc\u00e3o 13 sobrevoou a \u00e1rea e conseguiu localizar o corpo na \u00e1gua.<br \/>Ap\u00f3s a confirma\u00e7\u00e3o, as equipes do Corpo de Bombeiros que estavam em solo foram acionadas para fazer a remo\u00e7\u00e3o e na sequ\u00eancia o corpo foi recolhido ao Servi\u00e7o M\u00e9dico Legal.<br \/>Rep\u00f3rter Islan Roque\/Portal Educadora com informa\u00e7\u00f5es Catve<\/p>\n","protected":false},"excerpt":{"rendered":"O homem estava desaparecido desde a noite de sexta-feira(14), quando saiu para pescar com um amigo Nesta segunda-feira&hellip;\n","protected":false},"author":2,"featured_media":157036,"comment_status":"","ping_status":"","sticky":false,"template":"","format":"standard","meta":{"footnotes":""},"categories":[141],"tags":[3050,3056,3054,3055,3051,3052,114,115,1914,1915,149,150,3053,32,33,766],"class_list":{"0":"post-157035","1":"post","2":"type-post","3":"status-publish","4":"format-standard","5":"has-post-thumbnail","7":"category-musica","8":"tag-am","9":"tag-ao-vivo","10":"tag-dois-vizinhos","11":"tag-doisvizinhos","12":"tag-educadora","13":"tag-educadoradv","14":"tag-entertainment","15":"tag-entretenimento","16":"tag-fm","17":"tag-mp3","18":"tag-music","19":"tag-musica","20":"tag-player","21":"tag-portugal","22":"tag-pt","23":"tag-radio"},"share_on_mastodon":{"url":"https:\/\/pubeurope.com\/@pt\/115573221218478434","error":""},"_links":{"self":[{"href":"https:\/\/www.europesays.com\/pt\/wp-json\/wp\/v2\/posts\/157035","targetHints":{"allow":["GET"]}}],"collection":[{"href":"https:\/\/www.europesays.com\/pt\/wp-json\/wp\/v2\/posts"}],"about":[{"href":"https:\/\/www.europesays.com\/pt\/wp-json\/wp\/v2\/types\/post"}],"author":[{"embeddable":true,"href":"https:\/\/www.europesays.com\/pt\/wp-json\/wp\/v2\/users\/2"}],"replies":[{"embeddable":true,"href":"https:\/\/www.europesays.com\/pt\/wp-json\/wp\/v2\/comments?post=157035"}],"version-history":[{"count":0,"href":"https:\/\/www.europesays.com\/pt\/wp-json\/wp\/v2\/posts\/157035\/revisions"}],"wp:featuredmedia":[{"embeddable":true,"href":"https:\/\/www.europesays.com\/pt\/wp-json\/wp\/v2\/media\/157036"}],"wp:attachment":[{"href":"https:\/\/www.europesays.com\/pt\/wp-json\/wp\/v2\/media?parent=157035"}],"wp:term":[{"taxonomy":"category","embeddable":true,"href":"https:\/\/www.europesays.com\/pt\/wp-json\/wp\/v2\/categories?post=157035"},{"taxonomy":"post_tag","embeddable":true,"href":"https:\/\/www.europesays.com\/pt\/wp-json\/wp\/v2\/tags?post=157035"}],"curies":[{"name":"wp","href":"https:\/\/api.w.org\/{rel}","templated":true}]}}