{"id":157037,"date":"2025-11-18T23:12:20","date_gmt":"2025-11-18T23:12:20","guid":{"rendered":"https:\/\/www.europesays.com\/pt\/157037\/"},"modified":"2025-11-18T23:12:20","modified_gmt":"2025-11-18T23:12:20","slug":"no-natal-do-alentejo-ha-uma-nova-estrela-nasceu-o-rudolfo-no-badoca-animais","status":"publish","type":"post","link":"https:\/\/www.europesays.com\/pt\/157037\/","title":{"rendered":"No Natal do Alentejo h\u00e1 uma nova estrela: nasceu o Rudolfo no Badoca | Animais"},"content":{"rendered":"<p>A tempo dos preparativos de Natal e aproveitando o embalo da \u00e9poca, o alentejano Badoca Safari Park anunciou o nascimento do Rudolfo, &#8220;uma pequena cria de \u00d3rix-de-cimitarra (Oryx dammah)&#8221;.<\/p>\n<p>&#8220;Este nascimento \u00e9 um importante passo para a conserva\u00e7\u00e3o da esp\u00e9cie, que em 2020 estava classificada como extinta na natureza&#8221;, explica o parque. A situa\u00e7\u00e3o melhorou gra\u00e7as \u00e0s protec\u00e7\u00f5es e trabalhos das institui\u00e7\u00f5es zool\u00f3gicas: em 2022, apesar da letal classifica\u00e7\u00e3o, &#8220;o <a href=\"https:\/\/www.publico.pt\/2022\/09\/29\/fugas\/noticia\/zoo-lisboa-celebra-nascimento-cria-especie-extinta-natureza-2022275\" target=\"_blank\" rel=\"nofollow noopener\">\u00d3rix-de-cimitarra <\/a>recuperou, passando a ser poss\u00edvel observ\u00e1-lo na natureza&#8221; novamente.<\/p>\n<p>&#8220;Actualmente a popula\u00e7\u00e3o de \u00f3rix segue uma tend\u00eancia de crescimento, apesar de ainda ser muito fr\u00e1gil o estatuto apresentado&#8221;, sublinha-se. O estatuto de preserva\u00e7\u00e3o continua a ser &#8220;Em Perigo&#8221;.<\/p>\n<p>                &#13;<br \/>\n                    &#13;<br \/>\n                    &#13;<br \/>\n                        O Rudolfo com a m\u00e3e sempre por perto&#13;<br \/>\ndr                    &#13;<\/p>\n<p>\u00c9 assim que o Rudolfo, al\u00e9m de um sinal de continua\u00e7\u00e3o da esp\u00e9cie, se torna uma cintilante estrela no <a href=\"https:\/\/www.publico.pt\/2020\/05\/02\/fugas\/noticia\/badoca-safari-park-adoptar-conservar-1914588\" target=\"_blank\" rel=\"nofollow noopener\">parque de animais<\/a> situado em Vila Nova de Santo Andr\u00e9, a pouco mais de um pesco\u00e7o de girafa da costa alentejana.<\/p>\n<p>Por falar em girafas, a outra jovem estrela do parque nasceu em Julho e tamb\u00e9m anda por ali: uma Girafa-do-norte da subesp\u00e9cie N\u00fabia (Giraffa camelopardalis camelopardalis), tamb\u00e9m uma esp\u00e9cie &#8220;Em Perigo&#8221;. \u00c9 outra estrela e \u00e9 uma verdadeira prova de resili\u00eancia da natureza; afinal, n\u00e3o \u00e9 qualquer ser que ao nascer cai logo da m\u00e3e de uma altura de dois metros&#8230;<\/p>\n<p>Para al\u00e9m do ainda pequeno oryx e da j\u00e1 grande jovem girafa, o Natal do Badoca ter\u00e1 uma programa\u00e7\u00e3o especial, destacando-se a possibilidade de escolher como presentes diversos pacotes tem\u00e1ticos, conforme o gosto do presenteado.<\/p>\n<p>        &#13;<br \/>\n            &#13;<\/p>\n<p>\u00c9 poss\u00edvel ficar alojado no Badoca Safari Glamping Experience ou escolher um Safari VIP, uma Experi\u00eancia de Falcoaria ou, por exemplo, um Encontro com as Girafas. Em mat\u00e9ria promocional, estes presentes custam desde 17,90 euros. O formato presente inclui a possibilidade de personalizar o nome, o nome do destinat\u00e1rio e a mensagem de Natal. Os vouchers natal\u00edcios s\u00e3o v\u00e1lidos tamb\u00e9m &#8220;para toda a \u00e9poca de 2026&#8221;.<\/p>\n","protected":false},"excerpt":{"rendered":"A tempo dos preparativos de Natal e aproveitando o embalo da \u00e9poca, o alentejano Badoca Safari Park anunciou&hellip;\n","protected":false},"author":2,"featured_media":157038,"comment_status":"","ping_status":"","sticky":false,"template":"","format":"standard","meta":{"footnotes":""},"categories":[85],"tags":[288,1353,3697,838,114,115,287,7561,542,32,33,291,13218],"class_list":{"0":"post-157037","1":"post","2":"type-post","3":"status-publish","4":"format-standard","5":"has-post-thumbnail","7":"category-entretenimento","8":"tag-alentejo","9":"tag-animais","10":"tag-conservacao-da-natureza","11":"tag-criancas","12":"tag-entertainment","13":"tag-entretenimento","14":"tag-fugas","15":"tag-natal","16":"tag-para-redes","17":"tag-portugal","18":"tag-pt","19":"tag-relaxar","20":"tag-santiago-do-cacem"},"share_on_mastodon":{"url":"https:\/\/pubeurope.com\/@pt\/115573236936031154","error":""},"_links":{"self":[{"href":"https:\/\/www.europesays.com\/pt\/wp-json\/wp\/v2\/posts\/157037","targetHints":{"allow":["GET"]}}],"collection":[{"href":"https:\/\/www.europesays.com\/pt\/wp-json\/wp\/v2\/posts"}],"about":[{"href":"https:\/\/www.europesays.com\/pt\/wp-json\/wp\/v2\/types\/post"}],"author":[{"embeddable":true,"href":"https:\/\/www.europesays.com\/pt\/wp-json\/wp\/v2\/users\/2"}],"replies":[{"embeddable":true,"href":"https:\/\/www.europesays.com\/pt\/wp-json\/wp\/v2\/comments?post=157037"}],"version-history":[{"count":0,"href":"https:\/\/www.europesays.com\/pt\/wp-json\/wp\/v2\/posts\/157037\/revisions"}],"wp:featuredmedia":[{"embeddable":true,"href":"https:\/\/www.europesays.com\/pt\/wp-json\/wp\/v2\/media\/157038"}],"wp:attachment":[{"href":"https:\/\/www.europesays.com\/pt\/wp-json\/wp\/v2\/media?parent=157037"}],"wp:term":[{"taxonomy":"category","embeddable":true,"href":"https:\/\/www.europesays.com\/pt\/wp-json\/wp\/v2\/categories?post=157037"},{"taxonomy":"post_tag","embeddable":true,"href":"https:\/\/www.europesays.com\/pt\/wp-json\/wp\/v2\/tags?post=157037"}],"curies":[{"name":"wp","href":"https:\/\/api.w.org\/{rel}","templated":true}]}}