{"id":157058,"date":"2025-11-18T23:29:10","date_gmt":"2025-11-18T23:29:10","guid":{"rendered":"https:\/\/www.europesays.com\/pt\/157058\/"},"modified":"2025-11-18T23:29:10","modified_gmt":"2025-11-18T23:29:10","slug":"quiet-piggy-donald-trump-manda-calar-reporter-no-air-force-1","status":"publish","type":"post","link":"https:\/\/www.europesays.com\/pt\/157058\/","title":{"rendered":"&#8220;Quiet Piggy&#8221;. Donald Trump manda calar rep\u00f3rter no Air Force 1"},"content":{"rendered":"<p>&#13;<br \/>\nNum v\u00eddeo publicado pela norte-americana CNN, Donald Trump estava a explicar que tinha &#8220;uma rela\u00e7\u00e3o muito m\u00e1&#8221; com Epstein, afirmando que este tinha escrito &#8220;umas notas&#8221; durante a sua primeira presid\u00eancia, alegadamente para o prejudicar.&#13;\n<\/p>\n<p>&#13;<br \/>\nPerante a avalanche de novas perguntas de v\u00e1rios jornalistas presentes no Air Force 1, Trump ergueu o dedo e mandou calar uma das rep\u00f3rteres, chamado-a &#8220;piggy&#8221; [porquinha], quando esta o questionava sobre e-mails recentemente revelados de Epstein sobre Trump.\u00a0&#13;\n<\/p>\n<p>&#13;<br \/>\nA Casa Branca afirmou que os e-mails n\u00e3o s\u00e3o comprometedores e que a sua revela\u00e7\u00e3o n\u00e3o passava de uma manobra do Partido Democrata para embara\u00e7ar o presidente.&#13;\n<\/p>\n<p>&#13;<br \/>\nO epis\u00f3dio no Air Force 1 ocorreu a 14 de novembro, quando o presidente ia a caminho da Florida, e dias antes do presidente reverter a sua posi\u00e7\u00e3o sobre a publica\u00e7\u00e3o dos ficheiros Epstein. Donald Trump diz agora que assinar\u00e1 a ordem para a revela\u00e7\u00e3o caso o Congresso aprove a publica\u00e7\u00e3o.&#13;<\/p>\n","protected":false},"excerpt":{"rendered":"&#13; Num v\u00eddeo publicado pela norte-americana CNN, Donald Trump estava a explicar que tinha &#8220;uma rela\u00e7\u00e3o muito m\u00e1&#8221;&hellip;\n","protected":false},"author":2,"featured_media":157059,"comment_status":"","ping_status":"","sticky":false,"template":"","format":"standard","meta":{"footnotes":""},"categories":[50],"tags":[27,28,15,16,14,25,26,21,22,62,12,13,19,20,23,24,420,421,17,18,29,30,31,63,64,65],"class_list":{"0":"post-157058","1":"post","2":"type-post","3":"status-publish","4":"format-standard","5":"has-post-thumbnail","7":"category-mundo","8":"tag-breaking-news","9":"tag-breakingnews","10":"tag-featured-news","11":"tag-featurednews","12":"tag-headlines","13":"tag-latest-news","14":"tag-latestnews","15":"tag-main-news","16":"tag-mainnews","17":"tag-mundo","18":"tag-news","19":"tag-noticias","20":"tag-noticias-principais","21":"tag-noticiasprincipais","22":"tag-principais-noticias","23":"tag-principaisnoticias","24":"tag-rtp","25":"tag-rtp-noticias","26":"tag-top-stories","27":"tag-topstories","28":"tag-ultimas","29":"tag-ultimas-noticias","30":"tag-ultimasnoticias","31":"tag-world","32":"tag-world-news","33":"tag-worldnews"},"share_on_mastodon":{"url":"https:\/\/pubeurope.com\/@pt\/115573303959946265","error":""},"_links":{"self":[{"href":"https:\/\/www.europesays.com\/pt\/wp-json\/wp\/v2\/posts\/157058","targetHints":{"allow":["GET"]}}],"collection":[{"href":"https:\/\/www.europesays.com\/pt\/wp-json\/wp\/v2\/posts"}],"about":[{"href":"https:\/\/www.europesays.com\/pt\/wp-json\/wp\/v2\/types\/post"}],"author":[{"embeddable":true,"href":"https:\/\/www.europesays.com\/pt\/wp-json\/wp\/v2\/users\/2"}],"replies":[{"embeddable":true,"href":"https:\/\/www.europesays.com\/pt\/wp-json\/wp\/v2\/comments?post=157058"}],"version-history":[{"count":0,"href":"https:\/\/www.europesays.com\/pt\/wp-json\/wp\/v2\/posts\/157058\/revisions"}],"wp:featuredmedia":[{"embeddable":true,"href":"https:\/\/www.europesays.com\/pt\/wp-json\/wp\/v2\/media\/157059"}],"wp:attachment":[{"href":"https:\/\/www.europesays.com\/pt\/wp-json\/wp\/v2\/media?parent=157058"}],"wp:term":[{"taxonomy":"category","embeddable":true,"href":"https:\/\/www.europesays.com\/pt\/wp-json\/wp\/v2\/categories?post=157058"},{"taxonomy":"post_tag","embeddable":true,"href":"https:\/\/www.europesays.com\/pt\/wp-json\/wp\/v2\/tags?post=157058"}],"curies":[{"name":"wp","href":"https:\/\/api.w.org\/{rel}","templated":true}]}}