{"id":157060,"date":"2025-11-18T23:30:21","date_gmt":"2025-11-18T23:30:21","guid":{"rendered":"https:\/\/www.europesays.com\/pt\/157060\/"},"modified":"2025-11-18T23:30:21","modified_gmt":"2025-11-18T23:30:21","slug":"marcelo-considera-parada-militar-no-25-de-novembro-como-regresso-ao-passado-25-de-novembro-de-1975","status":"publish","type":"post","link":"https:\/\/www.europesays.com\/pt\/157060\/","title":{"rendered":"Marcelo considera parada militar no 25 de Novembro como \u201cregresso ao passado\u201d | 25 de Novembro de 1975"},"content":{"rendered":"<p>O Presidente da Rep\u00fablica considerou esta ter\u00e7a-feira que a comemora\u00e7\u00e3o do 25 de Novembro com uma <a href=\"https:\/\/www.publico.pt\/2025\/10\/08\/politica\/noticia\/direita-militares-frente-comissao-25-novembro-celebracoes-parada-militar-2150078\" rel=\"nofollow noopener\" target=\"_blank\">parada militar<\/a> \u00e9 um regresso ao passado logo ap\u00f3s a revolu\u00e7\u00e3o, referindo que j\u00e1 aconteceu nos mandatos presidenciais de Ramalho Eanes.<\/p>\n<p>&#8220;Se quiserem, \u00e9 um regresso ao passado, reavivando aquilo que se fazia nos anos imediatamente seguintes ao fim da revolu\u00e7\u00e3o&#8221;, comentou Marcelo Rebelo de Sousa, que falava aos jornalistas no Campus de Carcavelos da Universidade Nova de Lisboa, no concelho de Cascais.<\/p>\n<p>Questionado sobre a equipara\u00e7\u00e3o das comemora\u00e7\u00f5es do <a href=\"https:\/\/www.publico.pt\/25-de-novembro-de-1975\" rel=\"nofollow noopener\" target=\"_blank\">25 de Novembro de 1975<\/a> e do 25 de Abril de 1974, o chefe de Estado respondeu que a sess\u00e3o comemorativa do 49.\u00ba anivers\u00e1rio do 25 de Novembro na Assembleia da Rep\u00fablica &#8220;foi praticamente equiparada j\u00e1 no ano passado&#8221; \u00e0 sess\u00e3o solene anual do 25 de Abril.<\/p>\n<p>A prop\u00f3sito do 50.\u00ba anivers\u00e1rio do 25 de Novembro, que ser\u00e1 assinalado na pr\u00f3xima semana, prosseguiu: &#8220;Na parada [militar] vai ser a mesma coisa. Isto \u00e9, a parada do 25 de Abril realizou-se no ano passado, e agora realiza-se no mesmo plano&#8221;.<\/p>\n<p>        &#13;<\/p>\n<p>&#13;<br \/>\n                &#13;\n            <\/p>\n<p>&#13;<\/p>\n<p>Segundo o Presidente da Rep\u00fablica, a parada militar ser\u00e1 &#8220;no Terreiro do Pa\u00e7o&#8221; e &#8220;sem discursos&#8221;, estando &#8220;condicionada no tempo pela cerim\u00f3nia na Assembleia da Rep\u00fablica&#8221;.<\/p>\n<p>Marcelo Rebelo de Sousa referiu que a realiza\u00e7\u00e3o de uma parada militar no dia 25 de Novembro de 1975 &#8220;\u00e9 uma ideia&#8221; que &#8220;j\u00e1 houve, em tempos&#8221;.<\/p>\n<p>&#8220;Verdadeiramente, houve uma parada militar durante a presid\u00eancia do Presidente Ramalho Eanes, durante os dois mandatos, salvo erro, houve sempre parada militar no 25 de Novembro, houve sempre cerim\u00f3nia militar&#8221;, declarou.<\/p>\n<p>O chefe de Estado acrescentou que, &#8220;depois, no tempo do Presidente M\u00e1rio Soares \u00e9 que, por raz\u00f5es de calend\u00e1rio da sess\u00e3o parlamentar, deixou de existir&#8221; uma parada militar nesta data.<\/p>\n<p>&#8220;Portanto, se quiserem, \u00e9 um regresso ao passado, reavivando aquilo que se fazia nos anos imediatamente seguintes ao fim da revolu\u00e7\u00e3o&#8221;, concluiu o Presidente da Rep\u00fablica.<\/p>\n<p>H\u00e1 um ano, na <a href=\"https:\/\/www.publico.pt\/2024\/11\/25\/politica\/noticia\/25-novembro-assinalado-parlamento-olhos-postos-comparacao-abril-2113158\" rel=\"nofollow noopener\" target=\"_blank\">sess\u00e3o solene evocativa do 49.\u00ba anivers\u00e1rio do 25 de Novembro de 1975<\/a> na Assembleia da Rep\u00fablica, Marcelo Rebelo de Sousa enquadrou esta data como um &#8220;passo muito importante&#8221; no caminho para a liberdade e a democracia aberto pelo 25 de Abril.<\/p>\n<p>Nessa ocasi\u00e3o, o chefe de Estado defendeu que &#8220;n\u00e3o existe contradi\u00e7\u00e3o&#8221; na evoca\u00e7\u00e3o das duas datas, mas qualificou o 25 de Abril de 1974 como &#8220;a data maior&#8221;.<\/p>\n<p>Os acontecimentos do 25 de Novembro, em que for\u00e7as militares antag\u00f3nicas se defrontaram no terreno e venceu a chamada ala moderada do Movimento das For\u00e7as Armadas (MFA), marcaram o fim do chamado Per\u00edodo Revolucion\u00e1rio em Curso (PREC).<\/p>\n","protected":false},"excerpt":{"rendered":"O Presidente da Rep\u00fablica considerou esta ter\u00e7a-feira que a comemora\u00e7\u00e3o do 25 de Novembro com uma parada militar&hellip;\n","protected":false},"author":2,"featured_media":157061,"comment_status":"","ping_status":"","sticky":false,"template":"","format":"standard","meta":{"footnotes":""},"categories":[10],"tags":[31935,27,28,15,16,14,25,26,21,22,588,8498,12,13,19,20,52,32,17769,23,24,33,17,18,29,30,31],"class_list":{"0":"post-157060","1":"post","2":"type-post","3":"status-publish","4":"format-standard","5":"has-post-thumbnail","7":"category-portugal","8":"tag-25-de-novembro-de-1975","9":"tag-breaking-news","10":"tag-breakingnews","11":"tag-featured-news","12":"tag-featurednews","13":"tag-headlines","14":"tag-latest-news","15":"tag-latestnews","16":"tag-main-news","17":"tag-mainnews","18":"tag-marcelo-rebelo-de-sousa","19":"tag-militares","20":"tag-news","21":"tag-noticias","22":"tag-noticias-principais","23":"tag-noticiasprincipais","24":"tag-politica","25":"tag-portugal","26":"tag-prec","27":"tag-principais-noticias","28":"tag-principaisnoticias","29":"tag-pt","30":"tag-top-stories","31":"tag-topstories","32":"tag-ultimas","33":"tag-ultimas-noticias","34":"tag-ultimasnoticias"},"share_on_mastodon":{"url":"https:\/\/pubeurope.com\/@pt\/115573307651270098","error":""},"_links":{"self":[{"href":"https:\/\/www.europesays.com\/pt\/wp-json\/wp\/v2\/posts\/157060","targetHints":{"allow":["GET"]}}],"collection":[{"href":"https:\/\/www.europesays.com\/pt\/wp-json\/wp\/v2\/posts"}],"about":[{"href":"https:\/\/www.europesays.com\/pt\/wp-json\/wp\/v2\/types\/post"}],"author":[{"embeddable":true,"href":"https:\/\/www.europesays.com\/pt\/wp-json\/wp\/v2\/users\/2"}],"replies":[{"embeddable":true,"href":"https:\/\/www.europesays.com\/pt\/wp-json\/wp\/v2\/comments?post=157060"}],"version-history":[{"count":0,"href":"https:\/\/www.europesays.com\/pt\/wp-json\/wp\/v2\/posts\/157060\/revisions"}],"wp:featuredmedia":[{"embeddable":true,"href":"https:\/\/www.europesays.com\/pt\/wp-json\/wp\/v2\/media\/157061"}],"wp:attachment":[{"href":"https:\/\/www.europesays.com\/pt\/wp-json\/wp\/v2\/media?parent=157060"}],"wp:term":[{"taxonomy":"category","embeddable":true,"href":"https:\/\/www.europesays.com\/pt\/wp-json\/wp\/v2\/categories?post=157060"},{"taxonomy":"post_tag","embeddable":true,"href":"https:\/\/www.europesays.com\/pt\/wp-json\/wp\/v2\/tags?post=157060"}],"curies":[{"name":"wp","href":"https:\/\/api.w.org\/{rel}","templated":true}]}}