{"id":157064,"date":"2025-11-18T23:38:12","date_gmt":"2025-11-18T23:38:12","guid":{"rendered":"https:\/\/www.europesays.com\/pt\/157064\/"},"modified":"2025-11-18T23:38:12","modified_gmt":"2025-11-18T23:38:12","slug":"conferencia-internacional-de-estudos-de-fotografia-arranca-amanha-no-colegio-dos-jesuitas","status":"publish","type":"post","link":"https:\/\/www.europesays.com\/pt\/157064\/","title":{"rendered":"Confer\u00eancia Internacional de Estudos de Fotografia arranca amanh\u00e3 no Col\u00e9gio dos Jesu\u00edtas"},"content":{"rendered":"<p id=\"block-1\">Inicia-se, esta quarta-feira, pelas 14h30, no Col\u00e9gio dos Jesu\u00edtas, a Confer\u00eancia Internacional de Estudos de Fotografia, que se prolonga at\u00e9 ao pr\u00f3ximo dia 21 de Novembro. A edi\u00e7\u00e3o deste ano tem como tem\u00e1tica &#8216;Publicar Fotografia: materialidades, narrativas, montagens&#8217;, juntando conferencistas nacionais e internacionais. <\/p>\n<p id=\"block-2\">Entre os nomes em destaque, teremos Jorge Ribalta, artista, investigador, editor e curador independente, sediado em Barcelona, bem como Ros\u00e2ngela Renn\u00f3, artista visual com uma pr\u00e1tica que se estrutura em torno da arqueologia dos arquivos fotogr\u00e1ficos, da mem\u00f3ria social e da pol\u00edtica do esquecimento.<\/p>\n<p id=\"block-3\">Esta \u00e9 uma iniciativa que junta a Secretaria Regional de Turismo, Ambiente e Cultura, atrav\u00e9s da Direc\u00e7\u00e3o Regional dos Arquivos, das Biblioteca e do Livro e da Direc\u00e7\u00e3o Regional da Cultura, o ICNOVA &#8211; Instituto de Comunica\u00e7\u00e3o da Universidade Nova de Lisboa e a Universidade da Madeira. <\/p>\n<p id=\"block-4\">Do programa, al\u00e9m das confer\u00eancias, constam visitas guiadas ao Arquivo e Biblioteca da Madeira e \u00e0 exposi\u00e7\u00e3o de Ros\u00e2ngela Renn\u00f3 patente no Museu de Fotografia \u2013 Atelier Vicente\u00b4s (MFM-AV); a exposi\u00e7\u00e3o do projecto NERVO, dedicada a fotolivros no contexto portugu\u00eas, que ter\u00e1 abertura oficial esta quarta-feira, pelas 17h30, no Centro de Estudos de Hist\u00f3ria do Atl\u00e2ntico. Junta-se, ainda, a mostra de um filme com realiza\u00e7\u00e3o de Paulo Catrica, igualmente no Centro de Estudos de Hist\u00f3ria do Atl\u00e2ntico &#8211; Alberto Vieira (CEHA-AV), bem como dois workshops afectos \u00e0 tem\u00e1tica (MFM-AV e Col\u00e9gio dos Jesu\u00edtas). <\/p>\n","protected":false},"excerpt":{"rendered":"Inicia-se, esta quarta-feira, pelas 14h30, no Col\u00e9gio dos Jesu\u00edtas, a Confer\u00eancia Internacional de Estudos de Fotografia, que se&hellip;\n","protected":false},"author":2,"featured_media":157065,"comment_status":"","ping_status":"","sticky":false,"template":"","format":"standard","meta":{"footnotes":""},"categories":[144],"tags":[207,205,206,203,201,202,204,114,115,32,33],"class_list":{"0":"post-157064","1":"post","2":"type-post","3":"status-publish","4":"format-standard","5":"has-post-thumbnail","7":"category-arte-e-design","8":"tag-arte","9":"tag-arte-e-design","10":"tag-artedesign","11":"tag-arts","12":"tag-arts-and-design","13":"tag-artsanddesign","14":"tag-design","15":"tag-entertainment","16":"tag-entretenimento","17":"tag-portugal","18":"tag-pt"},"share_on_mastodon":{"url":"https:\/\/pubeurope.com\/@pt\/115573339136368838","error":""},"_links":{"self":[{"href":"https:\/\/www.europesays.com\/pt\/wp-json\/wp\/v2\/posts\/157064","targetHints":{"allow":["GET"]}}],"collection":[{"href":"https:\/\/www.europesays.com\/pt\/wp-json\/wp\/v2\/posts"}],"about":[{"href":"https:\/\/www.europesays.com\/pt\/wp-json\/wp\/v2\/types\/post"}],"author":[{"embeddable":true,"href":"https:\/\/www.europesays.com\/pt\/wp-json\/wp\/v2\/users\/2"}],"replies":[{"embeddable":true,"href":"https:\/\/www.europesays.com\/pt\/wp-json\/wp\/v2\/comments?post=157064"}],"version-history":[{"count":0,"href":"https:\/\/www.europesays.com\/pt\/wp-json\/wp\/v2\/posts\/157064\/revisions"}],"wp:featuredmedia":[{"embeddable":true,"href":"https:\/\/www.europesays.com\/pt\/wp-json\/wp\/v2\/media\/157065"}],"wp:attachment":[{"href":"https:\/\/www.europesays.com\/pt\/wp-json\/wp\/v2\/media?parent=157064"}],"wp:term":[{"taxonomy":"category","embeddable":true,"href":"https:\/\/www.europesays.com\/pt\/wp-json\/wp\/v2\/categories?post=157064"},{"taxonomy":"post_tag","embeddable":true,"href":"https:\/\/www.europesays.com\/pt\/wp-json\/wp\/v2\/tags?post=157064"}],"curies":[{"name":"wp","href":"https:\/\/api.w.org\/{rel}","templated":true}]}}