{"id":157067,"date":"2025-11-18T23:45:26","date_gmt":"2025-11-18T23:45:26","guid":{"rendered":"https:\/\/www.europesays.com\/pt\/157067\/"},"modified":"2025-11-18T23:45:26","modified_gmt":"2025-11-18T23:45:26","slug":"francisco-monteiro-sofreu-queda-aparatosa","status":"publish","type":"post","link":"https:\/\/www.europesays.com\/pt\/157067\/","title":{"rendered":"Francisco Monteiro sofreu &#8216;queda aparatosa&#8217;"},"content":{"rendered":"<p>\t\t\t\t\t\t\t\t\t\t\t\t<a href=\"#\" onclick=\"window.open('http:\/\/www.facebook.com\/sharer.php?u=https:\/\/cusquices.com\/francisco-monteiro-sofreu-queda-aparatosa\/&amp;t=Francisco Monteiro sofreu \u2018queda aparatosa\u2019', 'facebookShare', 'width=626,height=436'); return false;\" title=\"Share on Facebook\"><\/p>\n<p>Share<\/p>\n<p><\/a><br \/>\n\t\t\t\t\t\t\t\t\t\t\t\t<a href=\"#\" onclick=\"window.open('http:\/\/twitter.com\/share?text=Francisco Monteiro sofreu \u2018queda aparatosa\u2019 -&amp;url=https:\/\/cusquices.com\/francisco-monteiro-sofreu-queda-aparatosa\/', 'twitterShare', 'width=626,height=436'); return false;\" title=\"Tweet This Post\"><\/p>\n<p>Tweet<\/p>\n<p><\/a><br \/>\n\t\t\t\t\t\t\t\t\t\t\t\t<a href=\"whatsapp:\/\/send?text=Francisco Monteiro sofreu \u2018queda aparatosa\u2019 https:\/\/cusquices.com\/francisco-monteiro-sofreu-queda-aparatosa\/\" rel=\"nofollow\"><\/p>\n<p>Share<\/p>\n<p><\/a><br \/>\n\t\t\t\t\t\t\t\t\t\t\t\t<a href=\"#\" onclick=\"window.open('http:\/\/pinterest.com\/pin\/create\/button\/?url=https:\/\/cusquices.com\/francisco-monteiro-sofreu-queda-aparatosa\/&amp;media=https:\/\/cusquices.com\/wp-content\/uploads\/2025\/09\/zaza-1000x600.jpg&amp;description=Francisco Monteiro sofreu \u2018queda aparatosa\u2019', 'pinterestShare', 'width=750,height=350'); return false;\" title=\"Pin This Post\"><\/p>\n<p>Share<\/p>\n<p><\/a><br \/>\n\t\t\t\t\t\t\t\t\t\t\t\t<a href=\"mailto:?subject=Francisco Monteiro sofreu \u2018queda aparatosa\u2019&amp;BODY=I found this article interesting and thought of sharing it with you. Check it out: https:\/\/cusquices.com\/francisco-monteiro-sofreu-queda-aparatosa\/\"><\/p>\n<p>Email<\/p>\n<p><\/a><br \/>\n\t\t\t\t\t\t\t\t\t\t\t\t\t\t\t\t\t\t\t\t\t\t\t\t\t\t\t\t\t\t\t\t\t\t\t\t\t\t\t\t\t\t\t\t\t\t\t\t\t\t\t\t\t<a href=\"https:\/\/cusquices.com\/francisco-monteiro-sofreu-queda-aparatosa\/#respond\" rel=\"nofollow noopener\" target=\"_blank\"><\/p>\n<p>Zaza sofreu uma queda aparatosa e emitiu um comunicado onde explica a aus\u00eancia na TVI.<\/p>\n<p>Francisco Monteiro sofreu um pequeno acidente enquanto brincava com o novo amigo de quatro patas de B\u00e1rbara Parada. A not\u00edcia foi avan\u00e7ada pelo pr\u00f3prio, que recorreu \u00e0s redes sociais para explicar a aus\u00eancia na TVI.<\/p>\n<p>\u201c<strong>Hoje, ao correr atr\u00e1s do Martim, sem saber que o ch\u00e3o estava escorregadio, protagonizei uma queda daquelas, consegui partir um vaso daqueles gigantescos, deitar a planta abaixo e lesionar ambas as pernas e a m\u00e3o esquerda<\/strong>\u201c, come\u00e7ou por contar Zaza.<\/p>\n<p>Francisco Monteiro explicou de seguida que devido ao acidente n\u00e3o vai poder comparecer esta semana nos habituais formatos de coment\u00e1rio do Secret Story: \u201c<strong>Isto quer dizer que amanh\u00e3 e quinta n\u00e3o poder\u00e3o, com muita pena minha, contar com a minha presen\u00e7a no Extra e no \u00daltima Hora<\/strong>\u201c.<\/p>\n<p><img loading=\"lazy\" decoding=\"async\" width=\"580\" height=\"1024\" data-id=\"100346\" src=\"https:\/\/www.europesays.com\/pt\/wp-content\/uploads\/2025\/11\/IMG_0668-580x1024.jpeg\" alt=\"\" class=\"wp-image-100346 webpexpress-processed\"  \/>Screenshot<\/p>\n<p>\t\t\t\t\t\t\t\t\t\t\t\t\t\t\t\t\t\t\t\t\t\t\t\t\t<img decoding=\"async\" src=\"https:\/\/www.europesays.com\/pt\/wp-content\/uploads\/2025\/10\/cusquices-logo-52x.png\" class=\"webpexpress-processed\"\/><\/p>\n<p>\t\t\t\t\t\t\t\t\t\t\t\t\t\t\t\t\t\t\t\t\t            \t\t\t\t\t\t\t\t\t\t\t\t\t\t\t\t\t\t\t\t\t\t\t\t\t\t\t\t\t\t\t\t\t\t\t\t\t\t\t<script async src=\"https:\/\/platform.twitter.com\/widgets.js\" charset=\"utf-8\"><\/script><\/p>\n","protected":false},"excerpt":{"rendered":"Share Tweet Share Share Email Zaza sofreu uma queda aparatosa e emitiu um comunicado onde explica a aus\u00eancia&hellip;\n","protected":false},"author":2,"featured_media":157068,"comment_status":"","ping_status":"","sticky":false,"template":"","format":"standard","meta":{"footnotes":""},"categories":[85],"tags":[49,114,115,980,2071,32,33],"class_list":{"0":"post-157067","1":"post","2":"type-post","3":"status-publish","4":"format-standard","5":"has-post-thumbnail","7":"category-entretenimento","8":"tag-destaques","9":"tag-entertainment","10":"tag-entretenimento","11":"tag-famosos","12":"tag-francisco-monteiro","13":"tag-portugal","14":"tag-pt"},"share_on_mastodon":{"url":"https:\/\/pubeurope.com\/@pt\/115573366917802373","error":""},"_links":{"self":[{"href":"https:\/\/www.europesays.com\/pt\/wp-json\/wp\/v2\/posts\/157067","targetHints":{"allow":["GET"]}}],"collection":[{"href":"https:\/\/www.europesays.com\/pt\/wp-json\/wp\/v2\/posts"}],"about":[{"href":"https:\/\/www.europesays.com\/pt\/wp-json\/wp\/v2\/types\/post"}],"author":[{"embeddable":true,"href":"https:\/\/www.europesays.com\/pt\/wp-json\/wp\/v2\/users\/2"}],"replies":[{"embeddable":true,"href":"https:\/\/www.europesays.com\/pt\/wp-json\/wp\/v2\/comments?post=157067"}],"version-history":[{"count":0,"href":"https:\/\/www.europesays.com\/pt\/wp-json\/wp\/v2\/posts\/157067\/revisions"}],"wp:featuredmedia":[{"embeddable":true,"href":"https:\/\/www.europesays.com\/pt\/wp-json\/wp\/v2\/media\/157068"}],"wp:attachment":[{"href":"https:\/\/www.europesays.com\/pt\/wp-json\/wp\/v2\/media?parent=157067"}],"wp:term":[{"taxonomy":"category","embeddable":true,"href":"https:\/\/www.europesays.com\/pt\/wp-json\/wp\/v2\/categories?post=157067"},{"taxonomy":"post_tag","embeddable":true,"href":"https:\/\/www.europesays.com\/pt\/wp-json\/wp\/v2\/tags?post=157067"}],"curies":[{"name":"wp","href":"https:\/\/api.w.org\/{rel}","templated":true}]}}