{"id":157069,"date":"2025-11-18T23:47:21","date_gmt":"2025-11-18T23:47:21","guid":{"rendered":"https:\/\/www.europesays.com\/pt\/157069\/"},"modified":"2025-11-18T23:47:21","modified_gmt":"2025-11-18T23:47:21","slug":"bruxelas-apresenta-quinta-feira-a-proposta-de-uma-europensao-para-todos-os-europeus","status":"publish","type":"post","link":"https:\/\/www.europesays.com\/pt\/157069\/","title":{"rendered":"Bruxelas apresenta quinta-feira a proposta de uma Europens\u00e3o para todos os europeus"},"content":{"rendered":"<p>Bruxelas vai apresentar na pr\u00f3xima quinta-feira a proposta para a cria\u00e7\u00e3o de uma Europens\u00e3o acess\u00edvel a todos os europeus, apurou o<strong> Jornal PT50<\/strong>. A novidade foi dada pela Comiss\u00e1ria Europeia dos Servi\u00e7os Financeiros, Maria Lu\u00eds Albuquerque, numa mensagem gravada enviada ao III F\u00f3rum Investment Management and Pensions organizado pela APFIPP \u2013 Associa\u00e7\u00e3o Portuguesa de Fundos de Investimento, Pens\u00f5es e Patrim\u00f3nios, e que decorreu nesta ter\u00e7a-feira em Lisboa.<\/p>\n<p>\u201cNos pr\u00f3ximos dias, a Comiss\u00e3o apresentar\u00e1 uma proposta espec\u00edfica sobre pens\u00f5es complementares \u2014 um passo decisivo para fortalecer o segundo pilar e tornar os sistemas de reforma mais equilibrados e sustent\u00e1veis\u201d, afirmou Maria Lu\u00eds Albuquerque. A Comiss\u00e1ria acrescentou: \u201co nosso objetivo \u00e9 claro, dar a todos os europeus a possibilidade real de complementar a sua pens\u00e3o p\u00fablica com poupan\u00e7a privada, de forma autom\u00e1tica, transparente e com claros benef\u00edcios para o seu bem-estar e seguran\u00e7a financeira no futuro\u201d.<\/p>\n<p>Segundo aquela respons\u00e1vel \u201co modelo de autoenrolment, ou inscri\u00e7\u00e3o autom\u00e1tica (um sistema de poupan\u00e7a para a reforma em que os empregadores inscrevem automaticamente os seus funcion\u00e1rios eleg\u00edveis num plano de pens\u00e3o. O objetivo \u00e9 aumentar a poupan\u00e7a para a reforma e garantir que mais pessoas tenham acesso a fundos de reforma) tem mostrado resultados muito positivos noutros pa\u00edses europeus, aumentando significativamente a taxa de participa\u00e7\u00e3o e permitindo acumular poupan\u00e7a ao longo de toda a vida ativa\u201d.<\/p>\n<p>\u201cQueremos que esta proposta seja um verdadeiro ponto de viragem\u201d, disse Maria Lu\u00eds Albuquerque, referindo \u201cporque as pens\u00f5es n\u00e3o s\u00e3o apenas uma quest\u00e3o social \u2014 s\u00e3o tamb\u00e9m um poderoso instrumento econ\u00f3mico\u201d.<\/p>\n<p>\u201cOs fundos de pens\u00f5es s\u00e3o uma fonte de poupan\u00e7a est\u00e1vel e de longo prazo, essenciais para financiar as empresas europeias, impulsionar a inova\u00e7\u00e3o e concretizar a nossa ambi\u00e7\u00e3o comum de crescimento e prosperidade. S\u00e3o, em suma, um pilar essencial para o crescimento sustent\u00e1vel e para a qualidade de vida dos cidad\u00e3os\u201d, adiantou.<\/p>\n<p>A Comiss\u00e1ria salientou o papel que caber\u00e1 \u00e0s gestoras de ativos e aos fundos de pens\u00f5es na massifica\u00e7\u00e3o daquela nova solu\u00e7\u00e3o de poupan\u00e7a. \u201cAs gestoras de ativos e de fundos de pens\u00f5es s\u00e3o parceiros estrat\u00e9gicos da Uni\u00e3o da Poupan\u00e7a e dos Investimentos. S\u00e3o quem transforma poupan\u00e7a em capital produtivo, e quem aproxima o longo prazo das oportunidades de hoje\u201d, afirmou.<\/p>\n<p>\u201cConto convosco \u2014 com a vossa experi\u00eancia, inova\u00e7\u00e3o e compromisso \u2014 para ajudarem a construir um mercado de capitais verdadeiramente europeu, mais integrado, mais eficiente e acess\u00edvel a todos. A Europa precisa de investidores com vis\u00e3o e de institui\u00e7\u00f5es com prop\u00f3sito\u201d, disse aquela respons\u00e1vel que terminou a sua interven\u00e7\u00e3o dizendo \u201cse conseguirmos alinhar pol\u00edticas p\u00fablicas com o dinamismo do sector privado, se unirmos poupan\u00e7a, investimento e confian\u00e7a, ent\u00e3o estaremos a dar um passo decisivo para fortalecer o crescimento e a competitividade da economia europeia, garantindo prosperidade duradoura para todos os europeus\u201d.<\/p>\n<p>Esta nova proposta para uma Europens\u00e3o acontece numa altura em que Autoridade Europeia dos Seguros e Pens\u00f5es Complementares de Reforma (EIOPA) lan\u00e7ou uma consulta p\u00fablica at\u00e9 ao dia 28 deste m\u00eas sobre o guia de pens\u00f5es de contribui\u00e7\u00e3o definida que est\u00e1 a ser elaborado por aquela entidade de supervis\u00e3o.<\/p>\n<p>Destinado a decisores pol\u00edticos, parceiros sociais, reguladores e supervisores, o conjunto de ferramentas para a Contribui\u00e7\u00e3o Definida fornecer\u00e1 orienta\u00e7\u00f5es pr\u00e1ticas, princ\u00edpios e recomenda\u00e7\u00f5es (n\u00e3o vinculativas) para ajudar os Estados-Membros a colmatar as lacunas nas pens\u00f5es.<\/p>\n","protected":false},"excerpt":{"rendered":"Bruxelas vai apresentar na pr\u00f3xima quinta-feira a proposta para a cria\u00e7\u00e3o de uma Europens\u00e3o acess\u00edvel a todos os&hellip;\n","protected":false},"author":2,"featured_media":157070,"comment_status":"","ping_status":"","sticky":false,"template":"","format":"standard","meta":{"footnotes":""},"categories":[83],"tags":[88,89,90,32,33],"class_list":{"0":"post-157069","1":"post","2":"type-post","3":"status-publish","4":"format-standard","5":"has-post-thumbnail","7":"category-empresas","8":"tag-business","9":"tag-economy","10":"tag-empresas","11":"tag-portugal","12":"tag-pt"},"share_on_mastodon":{"url":"https:\/\/pubeurope.com\/@pt\/115573374682336780","error":""},"_links":{"self":[{"href":"https:\/\/www.europesays.com\/pt\/wp-json\/wp\/v2\/posts\/157069","targetHints":{"allow":["GET"]}}],"collection":[{"href":"https:\/\/www.europesays.com\/pt\/wp-json\/wp\/v2\/posts"}],"about":[{"href":"https:\/\/www.europesays.com\/pt\/wp-json\/wp\/v2\/types\/post"}],"author":[{"embeddable":true,"href":"https:\/\/www.europesays.com\/pt\/wp-json\/wp\/v2\/users\/2"}],"replies":[{"embeddable":true,"href":"https:\/\/www.europesays.com\/pt\/wp-json\/wp\/v2\/comments?post=157069"}],"version-history":[{"count":0,"href":"https:\/\/www.europesays.com\/pt\/wp-json\/wp\/v2\/posts\/157069\/revisions"}],"wp:featuredmedia":[{"embeddable":true,"href":"https:\/\/www.europesays.com\/pt\/wp-json\/wp\/v2\/media\/157070"}],"wp:attachment":[{"href":"https:\/\/www.europesays.com\/pt\/wp-json\/wp\/v2\/media?parent=157069"}],"wp:term":[{"taxonomy":"category","embeddable":true,"href":"https:\/\/www.europesays.com\/pt\/wp-json\/wp\/v2\/categories?post=157069"},{"taxonomy":"post_tag","embeddable":true,"href":"https:\/\/www.europesays.com\/pt\/wp-json\/wp\/v2\/tags?post=157069"}],"curies":[{"name":"wp","href":"https:\/\/api.w.org\/{rel}","templated":true}]}}