{"id":15707,"date":"2025-08-04T15:10:08","date_gmt":"2025-08-04T15:10:08","guid":{"rendered":"https:\/\/www.europesays.com\/pt\/15707\/"},"modified":"2025-08-04T15:10:08","modified_gmt":"2025-08-04T15:10:08","slug":"para-tudo-o-que-catarina-miranda-preparou-para-esta-semana-vai-abalar-a-casa-big-brother","status":"publish","type":"post","link":"https:\/\/www.europesays.com\/pt\/15707\/","title":{"rendered":"P\u00e1ra tudo! O que Catarina Miranda preparou para esta semana vai abalar a casa &#8211; Big Brother"},"content":{"rendered":"<p style=\"margin-bottom:11px\">No Big Brother Ver\u00e3o, Catarina Miranda re\u00fane-se com Afonso Leit\u00e3o para discutir o menu de sobreviv\u00eancia da semana. Enquanto l\u00edder, Miranda prop\u00f4s v\u00e1rias din\u00e2micas para animar os pr\u00f3ximos dias na casa.<\/p>\n<p>De recordar que, na gala deste domingo, Jo\u00e3o Oliveira foi o concorrente expulso do Big Brother Ver\u00e3o. F\u00e1bio Paim apresentou a sua emocionante Curva da Vida e Catarina Miranda \u00e9 a nova l\u00edder da casa.<\/p>\n<p><a href=\"https:\/\/tvi.iol.pt\/bigbrother\/aominuto\" rel=\"nofollow noopener\" target=\"_blank\">Acompanhe aqui tudo o que se passa na casa mais vigiada do pa\u00eds!\u00a0<\/a><\/p>\n","protected":false},"excerpt":{"rendered":"No Big Brother Ver\u00e3o, Catarina Miranda re\u00fane-se com Afonso Leit\u00e3o para discutir o menu de sobreviv\u00eancia da semana.&hellip;\n","protected":false},"author":2,"featured_media":15708,"comment_status":"","ping_status":"","sticky":false,"template":"","format":"standard","meta":{"footnotes":""},"categories":[142],"tags":[331,48,329,333,328,335,336,114,115,334,332,330,13,32,33,151,162,227],"class_list":{"0":"post-15707","1":"post","2":"type-post","3":"status-publish","4":"format-standard","5":"has-post-thumbnail","7":"category-tv","8":"tag-big","9":"tag-big-brother","10":"tag-claudio-ramos","11":"tag-comentadores","12":"tag-concorrentes","13":"tag-confrontos","14":"tag-discussoes","15":"tag-entertainment","16":"tag-entretenimento","17":"tag-exclusivos","18":"tag-expulso","19":"tag-gala","20":"tag-noticias","21":"tag-portugal","22":"tag-pt","23":"tag-tv","24":"tag-tvi","25":"tag-videos"},"share_on_mastodon":{"url":"","error":""},"_links":{"self":[{"href":"https:\/\/www.europesays.com\/pt\/wp-json\/wp\/v2\/posts\/15707","targetHints":{"allow":["GET"]}}],"collection":[{"href":"https:\/\/www.europesays.com\/pt\/wp-json\/wp\/v2\/posts"}],"about":[{"href":"https:\/\/www.europesays.com\/pt\/wp-json\/wp\/v2\/types\/post"}],"author":[{"embeddable":true,"href":"https:\/\/www.europesays.com\/pt\/wp-json\/wp\/v2\/users\/2"}],"replies":[{"embeddable":true,"href":"https:\/\/www.europesays.com\/pt\/wp-json\/wp\/v2\/comments?post=15707"}],"version-history":[{"count":0,"href":"https:\/\/www.europesays.com\/pt\/wp-json\/wp\/v2\/posts\/15707\/revisions"}],"wp:featuredmedia":[{"embeddable":true,"href":"https:\/\/www.europesays.com\/pt\/wp-json\/wp\/v2\/media\/15708"}],"wp:attachment":[{"href":"https:\/\/www.europesays.com\/pt\/wp-json\/wp\/v2\/media?parent=15707"}],"wp:term":[{"taxonomy":"category","embeddable":true,"href":"https:\/\/www.europesays.com\/pt\/wp-json\/wp\/v2\/categories?post=15707"},{"taxonomy":"post_tag","embeddable":true,"href":"https:\/\/www.europesays.com\/pt\/wp-json\/wp\/v2\/tags?post=15707"}],"curies":[{"name":"wp","href":"https:\/\/api.w.org\/{rel}","templated":true}]}}