{"id":157071,"date":"2025-11-18T23:48:28","date_gmt":"2025-11-18T23:48:28","guid":{"rendered":"https:\/\/www.europesays.com\/pt\/157071\/"},"modified":"2025-11-18T23:48:28","modified_gmt":"2025-11-18T23:48:28","slug":"investigacao-a-morte-de-familia-alema-em-istambul-leva-a-mais-tres-detencoes","status":"publish","type":"post","link":"https:\/\/www.europesays.com\/pt\/157071\/","title":{"rendered":"Investiga\u00e7\u00e3o \u00e0 morte de fam\u00edlia alem\u00e3 em Istambul leva a mais tr\u00eas deten\u00e7\u00f5es"},"content":{"rendered":"<p><strong>As autoridades turcas detiveram, esta segunda-feira, mais tr\u00eas suspeitos no \u00e2mbito da investiga\u00e7\u00e3o \u00e0 morte de tr\u00eas membros de uma fam\u00edlia de turistas alem\u00e3es em Istambul, elevando para 11 o n\u00famero de detidos relacionados com o caso.<\/strong><\/p>\n<p>Segundo a <a href=\"https:\/\/www.aa.com.tr\/\" target=\"_blank\" rel=\"noreferrer noopener nofollow\">ag\u00eancia turca Anadolu<\/a>, entre os novos detidos encontram-se um funcion\u00e1rio do hotel onde a fam\u00edlia estava hospedada e dois respons\u00e1veis de uma empresa de desinfesta\u00e7\u00e3o que recentemente tinha realizado trabalhos no local.<\/p>\n<p><strong>Oito dos detidos come\u00e7aram esta segunda-feira a ser ouvidos por um tribunal<\/strong> de Istambul. O objetivo \u00e9 determinar se existem fundamentos para manter as deten\u00e7\u00f5es e avaliar a pertin\u00eancia das v\u00e1rias linhas de investiga\u00e7\u00e3o atualmente em curso.<\/p>\n<p>Fontes pr\u00f3ximas do processo, citadas pela ag\u00eancia Anadolu, garantem que <strong>as autoridades ainda n\u00e3o conseguiram estabelecer uma liga\u00e7\u00e3o clara entre os suspeitos e a causa da intoxica\u00e7\u00e3o.<\/strong> <\/p>\n<p>Uma viagem que terminou em trag\u00e9dia<\/p>\n<p>A <a href=\"https:\/\/sicnoticias.pt\/mundo\/2025-11-14-intoxicacao-alimentar-mata-mae-e-filhos-de-ferias-em-istambul-turquia-27301d60\" target=\"_blank\" rel=\"noreferrer noopener nofollow\">trag\u00e9dia ocorreu na semana passada<\/a>. A fam\u00edlia estava de f\u00e9rias h\u00e1 v\u00e1rios dias em Istambul <strong>quando come\u00e7ou a apresentar sintomas como v\u00f3mitos e mal-estar. <\/strong>Ap\u00f3s uma primeira ida ao hospital, na ter\u00e7a-feira, onde receberam soro e tiveram alta, o quadro agravou-se rapidamente durante a noite. <strong>As duas crian\u00e7as morreram no dia seguinte e a m\u00e3e na sexta-feira.<\/strong><\/p>\n<p>O <strong>pai continua internado<\/strong> numa unidade de cuidados intensivos.<\/p>\n<p><strong>As autoridades recolheram amostras de alimentos e selaram diversos locais visitados pela fam\u00edlia<\/strong>, incluindo um restaurante onde jantaram e bancas de vendedores ambulantes cujos produtos ter\u00e3o consumido. Contudo,<strong> a aus\u00eancia de outros casos semelhantes entre clientes desses espa\u00e7os levou a investiga\u00e7\u00e3o a centrar-se tamb\u00e9m no hotel<\/strong> onde os turistas estavam hospedados.<\/p>\n<p>Na sequ\u00eancia dessas dilig\u00eancias,<strong> as autoridades decidiram evacuar e encerrar temporariamente o estabelecimento,<\/strong> detendo mais tr\u00eas pessoas para averigua\u00e7\u00f5es.<\/p>\n","protected":false},"excerpt":{"rendered":"As autoridades turcas detiveram, esta segunda-feira, mais tr\u00eas suspeitos no \u00e2mbito da investiga\u00e7\u00e3o \u00e0 morte de tr\u00eas membros&hellip;\n","protected":false},"author":2,"featured_media":157072,"comment_status":"","ping_status":"","sticky":false,"template":"","format":"standard","meta":{"footnotes":""},"categories":[50],"tags":[27,28,15,16,14,25,26,21,22,62,12,13,19,20,23,24,17,18,29,30,31,63,64,65],"class_list":{"0":"post-157071","1":"post","2":"type-post","3":"status-publish","4":"format-standard","5":"has-post-thumbnail","7":"category-mundo","8":"tag-breaking-news","9":"tag-breakingnews","10":"tag-featured-news","11":"tag-featurednews","12":"tag-headlines","13":"tag-latest-news","14":"tag-latestnews","15":"tag-main-news","16":"tag-mainnews","17":"tag-mundo","18":"tag-news","19":"tag-noticias","20":"tag-noticias-principais","21":"tag-noticiasprincipais","22":"tag-principais-noticias","23":"tag-principaisnoticias","24":"tag-top-stories","25":"tag-topstories","26":"tag-ultimas","27":"tag-ultimas-noticias","28":"tag-ultimasnoticias","29":"tag-world","30":"tag-world-news","31":"tag-worldnews"},"share_on_mastodon":{"url":"https:\/\/pubeurope.com\/@pt\/115573378640913565","error":""},"_links":{"self":[{"href":"https:\/\/www.europesays.com\/pt\/wp-json\/wp\/v2\/posts\/157071","targetHints":{"allow":["GET"]}}],"collection":[{"href":"https:\/\/www.europesays.com\/pt\/wp-json\/wp\/v2\/posts"}],"about":[{"href":"https:\/\/www.europesays.com\/pt\/wp-json\/wp\/v2\/types\/post"}],"author":[{"embeddable":true,"href":"https:\/\/www.europesays.com\/pt\/wp-json\/wp\/v2\/users\/2"}],"replies":[{"embeddable":true,"href":"https:\/\/www.europesays.com\/pt\/wp-json\/wp\/v2\/comments?post=157071"}],"version-history":[{"count":0,"href":"https:\/\/www.europesays.com\/pt\/wp-json\/wp\/v2\/posts\/157071\/revisions"}],"wp:featuredmedia":[{"embeddable":true,"href":"https:\/\/www.europesays.com\/pt\/wp-json\/wp\/v2\/media\/157072"}],"wp:attachment":[{"href":"https:\/\/www.europesays.com\/pt\/wp-json\/wp\/v2\/media?parent=157071"}],"wp:term":[{"taxonomy":"category","embeddable":true,"href":"https:\/\/www.europesays.com\/pt\/wp-json\/wp\/v2\/categories?post=157071"},{"taxonomy":"post_tag","embeddable":true,"href":"https:\/\/www.europesays.com\/pt\/wp-json\/wp\/v2\/tags?post=157071"}],"curies":[{"name":"wp","href":"https:\/\/api.w.org\/{rel}","templated":true}]}}