{"id":157075,"date":"2025-11-18T23:52:22","date_gmt":"2025-11-18T23:52:22","guid":{"rendered":"https:\/\/www.europesays.com\/pt\/157075\/"},"modified":"2025-11-18T23:52:22","modified_gmt":"2025-11-18T23:52:22","slug":"casas-inclinadas-de-rotterdam-impressionam-com-arquitetura-unica-e-parecem-uma-floresta-geometrica","status":"publish","type":"post","link":"https:\/\/www.europesays.com\/pt\/157075\/","title":{"rendered":"Casas inclinadas de Rotterdam impressionam com arquitetura \u00fanica e parecem uma floresta geom\u00e9trica"},"content":{"rendered":"<p>                                Uma inova\u00e7\u00e3o arquitet\u00f4nica transforma moradia em forma, desafiando a gravidade e redefinindo o que pode ser uma casa<\/p>\n<p>                  <img decoding=\"async\" width=\"1280\" height=\"720\" src=\"https:\/\/www.europesays.com\/pt\/wp-content\/uploads\/2025\/11\/maxresdefault-2-2.jpg\" class=\"img-fluid animate__animated animate__fadeIn skip-lazy wp-post-image\" alt=\"Rotterdam\" fetchpriority=\"high\"  \/>                  (Foto: Captura de tela \/ Youtube \/ Canal Theme Park Family World Wide)<\/p>\n<p>No cora\u00e7\u00e3o de Rotterdam, na Holanda, ergue-se um dos projetos arquitet\u00f4nicos mais audaciosos do s\u00e9culo XX: as chamadas Casas-Cubo (\u201cKubuswoningen\u201d), idealizadas por Piet Blom.<\/p>\n<p>Essas resid\u00eancias inclinadas formam um conjunto de cubos girados em 45 graus sobre pilares hexagonais. Isso acaba criando uma impress\u00e3o visual t\u00e3o marcante que muitos descrevem o arranjo como uma <a href=\"https:\/\/portal6.com.br\/2025\/11\/17\/cidade-europeia-abandonada-e-tomada-pela-floresta-e-ainda-guarda-fotos-e-objetos-deixados-pelos-antigos-moradores\/\" rel=\"nofollow noopener\" target=\"_blank\">floresta<\/a> abstrata ou uma vila suspensa sobre a cidade. Um espet\u00e1culo geom\u00e9trico que une comodidade e moradia em outro n\u00edvel de viv\u00eancia.<\/p>\n<p>Projetadas para maximizar o uso do terreno urbano e oferecer habita\u00e7\u00e3o de alta densidade sem ocupar toda a base do solo, as Casas-Cubo s\u00e3o compostas de tr\u00eas n\u00edveis: a entrada no t\u00e9rreo, a sala de estar no andar intermedi\u00e1rio e os quartos nos n\u00edveis mais altos.<\/p>\n<p>No v\u00eddeo, voc\u00ea percebe que as paredes, janelas e tetos est\u00e3o todos inclinados, o que exige mobili\u00e1rio sob medida e uma adapta\u00e7\u00e3o constante por parte dos moradores.<\/p>\n<p>Mais do que resid\u00eancias ex\u00f3ticas, as Cubo Houses se tornaram s\u00edmbolo da reconstru\u00e7\u00e3o moderna de Rotterdam, cidade que abra\u00e7ou o design experimental ap\u00f3s a devasta\u00e7\u00e3o da Segunda Guerra Mundial.<\/p>\n<p>Uma das casas foi transformada em museu, o Kijk-Kubus, para que visitantes possam experimentar a sensa\u00e7\u00e3o de viver dentro desses cubos angulados e entender o pensamento criativo por tr\u00e1s da obra de Blom.<\/p>\n<p><strong>Veja como funciona uma casa dessas por dentro:<\/strong><\/p>\n<blockquote class=\"instagram-media\" style=\"background: #FFF; border: 0; border-radius: 3px; box-shadow: 0 0 1px 0 rgba(0,0,0,0.5),0 1px 10px 0 rgba(0,0,0,0.15); margin: 1px; max-width: 540px; min-width: 326px; padding: 0; width: calc(100% - 2px);\" data-instgrm-captioned=\"\" data-instgrm-permalink=\"https:\/\/www.instagram.com\/reel\/DQclkEfidBI\/?utm_source=ig_embed&amp;utm_campaign=loading\" data-instgrm-version=\"14\">\n<\/blockquote>\n<p>Siga o <strong>Portal 6<\/strong> no\u00a0<a href=\"https:\/\/news.google.com\/publications\/CAAqKQgKIiNDQklTRkFnTWFoQUtEbkJ2Y25SaGJEWXVZMjl0TG1KeUtBQVAB\/sections\/CAQifkNCSVNXRG9pWjJGeVlXMXZibVJmY0hWaWJHbHphR1Z5WDNObFkzUnBiMjVmWldScGRHbHZia0lhWjJGeVlXMXZibVJmY0hWaWJHbHphR1Z5WDNObFkzUnBiMjV5RmdvVUNoSkhRVkpCVFU5T1JGOUdWVXhNWDA1QlRVVW9BQSotCAAqKQgKIiNDQklTRkFnTWFoQUtEbkJ2Y25SaGJEWXVZMjl0TG1KeUtBQVABUAE?ceid=BR:pt-419&amp;oc=3&amp;hl=pt-BR&amp;gl=BR\" rel=\"nofollow noopener\" target=\"_blank\">Google News<\/a>\u00a0fique por dentro de tudo!<\/p>\n<p>                              <script async src=\"\/\/www.instagram.com\/embed.js\"><\/script><\/p>\n","protected":false},"excerpt":{"rendered":"Uma inova\u00e7\u00e3o arquitet\u00f4nica transforma moradia em forma, desafiando a gravidade e redefinindo o que pode ser uma casa&hellip;\n","protected":false},"author":2,"featured_media":157076,"comment_status":"","ping_status":"","sticky":false,"template":"","format":"standard","meta":{"footnotes":""},"categories":[144],"tags":[207,205,206,203,201,202,204,114,115,32,33],"class_list":{"0":"post-157075","1":"post","2":"type-post","3":"status-publish","4":"format-standard","5":"has-post-thumbnail","7":"category-arte-e-design","8":"tag-arte","9":"tag-arte-e-design","10":"tag-artedesign","11":"tag-arts","12":"tag-arts-and-design","13":"tag-artsanddesign","14":"tag-design","15":"tag-entertainment","16":"tag-entretenimento","17":"tag-portugal","18":"tag-pt"},"share_on_mastodon":{"url":"https:\/\/pubeurope.com\/@pt\/115573394386634046","error":""},"_links":{"self":[{"href":"https:\/\/www.europesays.com\/pt\/wp-json\/wp\/v2\/posts\/157075","targetHints":{"allow":["GET"]}}],"collection":[{"href":"https:\/\/www.europesays.com\/pt\/wp-json\/wp\/v2\/posts"}],"about":[{"href":"https:\/\/www.europesays.com\/pt\/wp-json\/wp\/v2\/types\/post"}],"author":[{"embeddable":true,"href":"https:\/\/www.europesays.com\/pt\/wp-json\/wp\/v2\/users\/2"}],"replies":[{"embeddable":true,"href":"https:\/\/www.europesays.com\/pt\/wp-json\/wp\/v2\/comments?post=157075"}],"version-history":[{"count":0,"href":"https:\/\/www.europesays.com\/pt\/wp-json\/wp\/v2\/posts\/157075\/revisions"}],"wp:featuredmedia":[{"embeddable":true,"href":"https:\/\/www.europesays.com\/pt\/wp-json\/wp\/v2\/media\/157076"}],"wp:attachment":[{"href":"https:\/\/www.europesays.com\/pt\/wp-json\/wp\/v2\/media?parent=157075"}],"wp:term":[{"taxonomy":"category","embeddable":true,"href":"https:\/\/www.europesays.com\/pt\/wp-json\/wp\/v2\/categories?post=157075"},{"taxonomy":"post_tag","embeddable":true,"href":"https:\/\/www.europesays.com\/pt\/wp-json\/wp\/v2\/tags?post=157075"}],"curies":[{"name":"wp","href":"https:\/\/api.w.org\/{rel}","templated":true}]}}