{"id":157077,"date":"2025-11-18T23:54:10","date_gmt":"2025-11-18T23:54:10","guid":{"rendered":"https:\/\/www.europesays.com\/pt\/157077\/"},"modified":"2025-11-18T23:54:10","modified_gmt":"2025-11-18T23:54:10","slug":"marisa-susana-cada-vez-mais-perto-do-segredo-de-marisa-e-pedro-casal-verdadeiro-so-pode-secret-story","status":"publish","type":"post","link":"https:\/\/www.europesays.com\/pt\/157077\/","title":{"rendered":"Marisa Susana cada vez mais perto do segredo de Marisa e Pedro: \u00abCasal verdadeiro, s\u00f3 pode\u00bb &#8211; Secret Story"},"content":{"rendered":"<p>Ap\u00f3s o\u00a0<strong>Especial<\/strong> do <strong>Secret Story 9<\/strong>, Marisa mostra-se revoltada com a escolha de Pedro Jorge, que escolheu Liliana para sub chefe das limpezas, em vez da mulher. Os dois discutem e\u00a0Marisa Susana fica cada vez mais perto do segredo de Marisa e Pedro: \u00abCasal verdadeiro, s\u00f3 pode\u00bb.<\/p>\n<p> Recorde o que aconteceu: <\/p>\n<p>Marisa perdeu completamente a cabe\u00e7a com Pedro Jorge depois de descobrir que ele n\u00e3o a escolheu para subl\u00edder, optando por Liliana, apesar de ela pr\u00f3pria n\u00e3o se ter candidatado a l\u00edder por causa do marido. Visivelmente chateada, Marisa sentiu-se desvalorizada e acusou-o de ingratid\u00e3o. Pedro Jorge respondeu sem rodeios, dizendo que Marisa \u00ab\u00e9 uma piada\u00bb e \u00abhip\u00f3crita\u00bb, e afirmou que aquilo que ela faz \u00e9 falsidade. O concorrente acrescentou ainda que acredita que Marisa est\u00e1 a jogar contra ele. A discuss\u00e3o terminou com Marisa a cham\u00e1-lo de ingrato, deixando o clima explosivo entre o casal.<\/p>\n<p>Mais tarde, j\u00e1 no alpendre, Marisa desabafou com Bruno e In\u00eas, lamentando que Pedro Jorge e Liliana estivessem \u00abj\u00e1 amiguinhos outra vez\u00bb, enquanto tentava recompor-se da discuss\u00e3o.<\/p>\n<p><strong>VOTE PARA SALVAR:<\/strong><\/p>\n<p><strong>ANA \u2013 761 20 20 01<br \/>F\u00c1BIO \u2013 761 20 20 08<br \/>IN\u00caS \u2013 761 20 20 10<br \/>LILIANA \u2013 761 20 20 14<br \/>MARISA SUSANA &#8211; 761 20 20 17<\/strong><\/p>\n<p><strong><a href=\"https:\/\/tvi.iol.pt\/secretstory\/aominuto\" rel=\"nofollow noopener\" target=\"_blank\">Acompanhe ao minuto tudo o que se passa na casa mais vigiada do Pa\u00eds!<\/a><\/strong><\/p>\n","protected":false},"excerpt":{"rendered":"Ap\u00f3s o\u00a0Especial do Secret Story 9, Marisa mostra-se revoltada com a escolha de Pedro Jorge, que escolheu Liliana&hellip;\n","protected":false},"author":2,"featured_media":157078,"comment_status":"","ping_status":"","sticky":false,"template":"","format":"standard","meta":{"footnotes":""},"categories":[142],"tags":[114,115,19033,19034,32,33,151,19032],"class_list":{"0":"post-157077","1":"post","2":"type-post","3":"status-publish","4":"format-standard","5":"has-post-thumbnail","7":"category-tv","8":"tag-entertainment","9":"tag-entretenimento","10":"tag-galas-em-video","11":"tag-melhores-momentos-casa-dos-segredos","12":"tag-portugal","13":"tag-pt","14":"tag-tv","15":"tag-videos-secret-story-tvi"},"share_on_mastodon":{"url":"https:\/\/pubeurope.com\/@pt\/115573402062678914","error":""},"_links":{"self":[{"href":"https:\/\/www.europesays.com\/pt\/wp-json\/wp\/v2\/posts\/157077","targetHints":{"allow":["GET"]}}],"collection":[{"href":"https:\/\/www.europesays.com\/pt\/wp-json\/wp\/v2\/posts"}],"about":[{"href":"https:\/\/www.europesays.com\/pt\/wp-json\/wp\/v2\/types\/post"}],"author":[{"embeddable":true,"href":"https:\/\/www.europesays.com\/pt\/wp-json\/wp\/v2\/users\/2"}],"replies":[{"embeddable":true,"href":"https:\/\/www.europesays.com\/pt\/wp-json\/wp\/v2\/comments?post=157077"}],"version-history":[{"count":0,"href":"https:\/\/www.europesays.com\/pt\/wp-json\/wp\/v2\/posts\/157077\/revisions"}],"wp:featuredmedia":[{"embeddable":true,"href":"https:\/\/www.europesays.com\/pt\/wp-json\/wp\/v2\/media\/157078"}],"wp:attachment":[{"href":"https:\/\/www.europesays.com\/pt\/wp-json\/wp\/v2\/media?parent=157077"}],"wp:term":[{"taxonomy":"category","embeddable":true,"href":"https:\/\/www.europesays.com\/pt\/wp-json\/wp\/v2\/categories?post=157077"},{"taxonomy":"post_tag","embeddable":true,"href":"https:\/\/www.europesays.com\/pt\/wp-json\/wp\/v2\/tags?post=157077"}],"curies":[{"name":"wp","href":"https:\/\/api.w.org\/{rel}","templated":true}]}}