{"id":157081,"date":"2025-11-19T00:01:27","date_gmt":"2025-11-19T00:01:27","guid":{"rendered":"https:\/\/www.europesays.com\/pt\/157081\/"},"modified":"2025-11-19T00:01:27","modified_gmt":"2025-11-19T00:01:27","slug":"street-smash-burgers-chega-a-almada-com-hamburgueres-gratuitos-na-abertura-nit","status":"publish","type":"post","link":"https:\/\/www.europesays.com\/pt\/157081\/","title":{"rendered":"Street Smash Burgers chega a Almada com hamb\u00fargueres gratuitos na abertura \u2014 NiT"},"content":{"rendered":"<p>Depois de conquistar Lisboa com os hamb\u00fargueres prensados na chapa, a Street Smash Burgers atravessa finalmente o rio. Esta quinta-feira, 20 de novembro, a marca abre a sua primeira loja na Margem Sul, mais concretamente em Almada.<\/p>\n<p>A inaugura\u00e7\u00e3o est\u00e1 marcada para as 19 horas e, como j\u00e1 \u00e9 tradi\u00e7\u00e3o na marca, os primeiros 100 clientes v\u00e3o receber um smash burger gratuito. <strong>\u201cTodas as nossas aberturas tinham acontecido no centro de Lisboa, mas sab\u00edamos que deste lado do rio j\u00e1 havia uma verdadeira legi\u00e3o de f\u00e3s.<\/strong> Almada tem a energia certa para a Street, fazia todo o sentido ser o pr\u00f3ximo passo nesta expans\u00e3o\u201d, explica Tiago Fonseca, diretor de expans\u00e3o da marca.<\/p>\n<p>O menu mant\u00e9m os bestsellers que tornaram a Street uma refer\u00eancia nacional. H\u00e1 o Street Burger (9,90\u20ac), com 180 gramas de carne, queijo americano, pickles, cebola, ketchup e mostarda; o Classic Burger (10,90\u20ac), com dois hamb\u00fargueres premium e o famoso Street Sauce; e o Bacon Burger (11,90\u20ac), com dois smashs, bacon crocante e o molho exclusivo da marca. Todos os hamb\u00fargueres podem ser feitos em vers\u00e3o vegetariana e o menu combo inclui batatas cortadas \u00e0 m\u00e3o e bebida.<\/p>\n<p>O conceito nasceu de uma viagem \u00e0 Austr\u00e1lia, onde os fundadores, os espanh\u00f3is Carlos Conde e Beatriz Santillana Martinez, descobriram a t\u00e9cnica do smash burger, isto \u00e9, um burger com carne prensada na chapa, t\u00e9cnica que lhe d\u00e1 textura crocante e caramelizada. A ideia passava por recuperar o hamb\u00farguer como algo \u201csimples, r\u00e1pido e barato\u201d, mas com ingredientes de qualidade.<\/p>\n<p>O primeiro espa\u00e7o abriu em Campo de Ourique, em mar\u00e7o do ano passado. Sem experi\u00eancia na restaura\u00e7\u00e3o, os fundadores vieram de uma carreira no marketing digital e apostaram tudo na Street, uma marca que em poucos meses j\u00e1 chegou a v\u00e1rios bairros lisboetas, Matosinhos, Porto e at\u00e9 ao estrangeiro, com lojas em It\u00e1lia e na Su\u00ed\u00e7a.<\/p>\n<p>\tFICHA T\u00c9CNICA<\/p>\n<ul>\n<li><strong>MORADA<\/strong><br \/>Praceta S. Jo\u00e3o Baptista, 5A<br \/>2800-199\u00a0Almada<\/li>\n<\/ul>\n<p><strong>PRE\u00c7O M\u00c9DIO<\/strong><br \/>Entre 10\u20ac e 20\u20ac<\/p>\n<p><strong>TIPO DE COMIDA<\/strong><br \/>Hamburgueria<\/p>\n","protected":false},"excerpt":{"rendered":"Depois de conquistar Lisboa com os hamb\u00fargueres prensados na chapa, a Street Smash Burgers atravessa finalmente o rio.&hellip;\n","protected":false},"author":2,"featured_media":157082,"comment_status":"","ping_status":"","sticky":false,"template":"","format":"standard","meta":{"footnotes":""},"categories":[83],"tags":[88,89,90,32,33],"class_list":{"0":"post-157081","1":"post","2":"type-post","3":"status-publish","4":"format-standard","5":"has-post-thumbnail","7":"category-empresas","8":"tag-business","9":"tag-economy","10":"tag-empresas","11":"tag-portugal","12":"tag-pt"},"share_on_mastodon":{"url":"https:\/\/pubeurope.com\/@pt\/115573429642199529","error":""},"_links":{"self":[{"href":"https:\/\/www.europesays.com\/pt\/wp-json\/wp\/v2\/posts\/157081","targetHints":{"allow":["GET"]}}],"collection":[{"href":"https:\/\/www.europesays.com\/pt\/wp-json\/wp\/v2\/posts"}],"about":[{"href":"https:\/\/www.europesays.com\/pt\/wp-json\/wp\/v2\/types\/post"}],"author":[{"embeddable":true,"href":"https:\/\/www.europesays.com\/pt\/wp-json\/wp\/v2\/users\/2"}],"replies":[{"embeddable":true,"href":"https:\/\/www.europesays.com\/pt\/wp-json\/wp\/v2\/comments?post=157081"}],"version-history":[{"count":0,"href":"https:\/\/www.europesays.com\/pt\/wp-json\/wp\/v2\/posts\/157081\/revisions"}],"wp:featuredmedia":[{"embeddable":true,"href":"https:\/\/www.europesays.com\/pt\/wp-json\/wp\/v2\/media\/157082"}],"wp:attachment":[{"href":"https:\/\/www.europesays.com\/pt\/wp-json\/wp\/v2\/media?parent=157081"}],"wp:term":[{"taxonomy":"category","embeddable":true,"href":"https:\/\/www.europesays.com\/pt\/wp-json\/wp\/v2\/categories?post=157081"},{"taxonomy":"post_tag","embeddable":true,"href":"https:\/\/www.europesays.com\/pt\/wp-json\/wp\/v2\/tags?post=157081"}],"curies":[{"name":"wp","href":"https:\/\/api.w.org\/{rel}","templated":true}]}}