{"id":157083,"date":"2025-11-19T00:02:09","date_gmt":"2025-11-19T00:02:09","guid":{"rendered":"https:\/\/www.europesays.com\/pt\/157083\/"},"modified":"2025-11-19T00:02:09","modified_gmt":"2025-11-19T00:02:09","slug":"orban-volta-a-criticar-apoio-financeiro-da-mafia-da-guerra-da-ue-a-ucrania","status":"publish","type":"post","link":"https:\/\/www.europesays.com\/pt\/157083\/","title":{"rendered":"Orb\u00e1n volta a criticar apoio financeiro da &#8220;m\u00e1fia da guerra&#8221; da UE \u00e0 Ucr\u00e2nia"},"content":{"rendered":"<p>O primeiro-ministro h\u00fangaro, Viktor Orb\u00e1n, voltou a reclamar esta ter\u00e7a-feira com a ajuda da UE a Kiev, chamando o bloco de 27 membros de \u201cm\u00e1fia da guerra\u201d, indicou a publica\u00e7\u00e3o \u2018Kyiv Post\u2019. O plano da UE de utilizar os ativos congelados do banco central russo para gerar um \u201cempr\u00e9stimo de repara\u00e7\u00f5es\u201d de 140 mil milh\u00f5es de euros a Kiev, assim como o apoio financeiro europeu \u00e0 Ucr\u00e2nia em geral, foi alvo de cr\u00edticas do respons\u00e1vel h\u00fangaro pr\u00f3ximo do Kremlin.<\/p>\n<p>\u201c[Ursula von der Leyen] escreve que o d\u00e9ficit de financiamento da Ucr\u00e2nia \u00e9 significativo e pede aos Estados-membros que enviem mais dinheiro\u201d, apontou Orb\u00e1n. \u201c\u00c9 espantoso. Num momento em que ficou claro que uma m\u00e1fia da guerra est\u00e1 a desviar o dinheiro dos contribuintes europeus, em vez de exigir uma supervis\u00e3o real ou suspender os pagamentos, a presidente da Comiss\u00e3o sugere que enviemos ainda mais.\u201d<\/p>\n<p>\u201cToda essa situa\u00e7\u00e3o \u00e9 um pouco como tentar ajudar um alco\u00f3latra enviando-lhe mais uma caixa de vodka. A Hungria n\u00e3o perdeu o bom senso\u201d, defendeu o primeiro-ministro h\u00fangaro.<\/p>\n<p>Em declara\u00e7\u00f5es feitas \u00e0 margem de uma reuni\u00e3o do Conselho de Assuntos Gerais da UE esta segunda-feira, o ministro delegado de Fran\u00e7a para Assuntos Europeus, Benjamin Haddad, defendeu o apoio do presidente franc\u00eas, Emmanuel Macron, \u00e0 concess\u00e3o desses empr\u00e9stimos para as repara\u00e7\u00f5es.<\/p>\n<p>\u201cTemos trabalhado com a Comiss\u00e3o, com os nossos parceiros no Conselho Europeu, na proposta de utiliza\u00e7\u00e3o dos ativos russos congelados para financiar a Ucr\u00e2nia\u201d, disse Haddad, \u201cespecialmente as necessidades militares da Ucr\u00e2nia, com algumas condi\u00e7\u00f5es rigorosas que o presidente Macron estabeleceu no \u00faltimo Conselho Europeu\u201d.<\/p>\n<p>\u201cUma dessas condi\u00e7\u00f5es \u00e9 que o plano esteja em conformidade com o direito internacional\u201d, disse. \u201cIsso significa que n\u00e3o se trata de um confisco dos bens congelados, mas podemos us\u00e1-los como um adiantamento das repara\u00e7\u00f5es russas.\u201d<\/p>\n<p>\u201cEm segundo lugar\u201d, acrescentou, \u201cprecisamos que isso seja garantido pelo or\u00e7amento da UE e que trabalhemos tamb\u00e9m com outros membros do G7 na garantia financeira\u2026 Portanto, precisamos da garantia financeira dos Estados-Membros, do QFP e dos pa\u00edses do G7.\u201d<\/p>\n","protected":false},"excerpt":{"rendered":"O primeiro-ministro h\u00fangaro, Viktor Orb\u00e1n, voltou a reclamar esta ter\u00e7a-feira com a ajuda da UE a Kiev, chamando&hellip;\n","protected":false},"author":2,"featured_media":157084,"comment_status":"","ping_status":"","sticky":false,"template":"","format":"standard","meta":{"footnotes":""},"categories":[50],"tags":[27,28,15,16,14,25,26,21,22,62,12,13,19,20,23,24,17,18,29,30,31,63,64,65],"class_list":{"0":"post-157083","1":"post","2":"type-post","3":"status-publish","4":"format-standard","5":"has-post-thumbnail","7":"category-mundo","8":"tag-breaking-news","9":"tag-breakingnews","10":"tag-featured-news","11":"tag-featurednews","12":"tag-headlines","13":"tag-latest-news","14":"tag-latestnews","15":"tag-main-news","16":"tag-mainnews","17":"tag-mundo","18":"tag-news","19":"tag-noticias","20":"tag-noticias-principais","21":"tag-noticiasprincipais","22":"tag-principais-noticias","23":"tag-principaisnoticias","24":"tag-top-stories","25":"tag-topstories","26":"tag-ultimas","27":"tag-ultimas-noticias","28":"tag-ultimasnoticias","29":"tag-world","30":"tag-world-news","31":"tag-worldnews"},"share_on_mastodon":{"url":"https:\/\/pubeurope.com\/@pt\/115573433655832520","error":""},"_links":{"self":[{"href":"https:\/\/www.europesays.com\/pt\/wp-json\/wp\/v2\/posts\/157083","targetHints":{"allow":["GET"]}}],"collection":[{"href":"https:\/\/www.europesays.com\/pt\/wp-json\/wp\/v2\/posts"}],"about":[{"href":"https:\/\/www.europesays.com\/pt\/wp-json\/wp\/v2\/types\/post"}],"author":[{"embeddable":true,"href":"https:\/\/www.europesays.com\/pt\/wp-json\/wp\/v2\/users\/2"}],"replies":[{"embeddable":true,"href":"https:\/\/www.europesays.com\/pt\/wp-json\/wp\/v2\/comments?post=157083"}],"version-history":[{"count":0,"href":"https:\/\/www.europesays.com\/pt\/wp-json\/wp\/v2\/posts\/157083\/revisions"}],"wp:featuredmedia":[{"embeddable":true,"href":"https:\/\/www.europesays.com\/pt\/wp-json\/wp\/v2\/media\/157084"}],"wp:attachment":[{"href":"https:\/\/www.europesays.com\/pt\/wp-json\/wp\/v2\/media?parent=157083"}],"wp:term":[{"taxonomy":"category","embeddable":true,"href":"https:\/\/www.europesays.com\/pt\/wp-json\/wp\/v2\/categories?post=157083"},{"taxonomy":"post_tag","embeddable":true,"href":"https:\/\/www.europesays.com\/pt\/wp-json\/wp\/v2\/tags?post=157083"}],"curies":[{"name":"wp","href":"https:\/\/api.w.org\/{rel}","templated":true}]}}