{"id":157085,"date":"2025-11-19T00:03:49","date_gmt":"2025-11-19T00:03:49","guid":{"rendered":"https:\/\/www.europesays.com\/pt\/157085\/"},"modified":"2025-11-19T00:03:49","modified_gmt":"2025-11-19T00:03:49","slug":"uls-de-sao-jose-estuda-fecho-da-neonatologia-no-hospital-de-dona-estefania-jornal-de-noticias","status":"publish","type":"post","link":"https:\/\/www.europesays.com\/pt\/157085\/","title":{"rendered":"ULS de S\u00e3o Jos\u00e9 estuda fecho da neonatologia no Hospital de Dona Estef\u00e2nia &#8211; Jornal de Not\u00edcias"},"content":{"rendered":"<ol>\n<li><a href=\"https:\/\/news.google.com\/rss\/articles\/CBMiswFBVV95cUxNWnJzLWs4Zmp0WkdqMFR6cTkxWnR1cW5Hc0REOHh6TkZteV9MTG5HendsMTRIRVRWWEdmQzJJdTUtc3U0Q1d2QzRLbjR3bGF2VC1WNzd4UXF1eEJ6RHUwZXgtVHFCenU3UjRVcmN1Z3hVb25vdllHRW9BR09GcHFGa004dmpVQ0xHaW5kLXAyNWZabmhQNWxzZXFmQWJpUC1zRDA4Z2l1Z2NHTnZ0UVJDSlNaSQ?oc=5\" target=\"_blank\" rel=\"nofollow noopener\">ULS de S\u00e3o Jos\u00e9 estuda fecho da neonatologia no Hospital de Dona Estef\u00e2nia<\/a>&nbsp;&nbsp;Jornal de Not\u00edcias<\/li>\n<li><a href=\"https:\/\/news.google.com\/rss\/articles\/CBMiygFBVV95cUxOcWloRThCUWwzODdTX05BWExzNmwtdGphYy1WaW5JcHNBT3BCMURtWk1fa0tlUThocnBfajJ1dUhKX0J0VWlvejFnMzRzZ1BZVk5TVWxsUVdmS0JkRXI2N0wta1FVYlhQb19WbEpwc2h5WVhlMllwSWR4NUNJWXVnSmZmOElSNFdsUFBiUGtBX1NQaHZ3amxIVTRUSU82SGVKemdpWjdSeTRJajZQdjR3QVRJNW5oY3JES3RWcm9pRXVhd2RsanN5RXZn?oc=5\" target=\"_blank\" rel=\"nofollow noopener\">Ministra garante que &#8220;n\u00e3o est\u00e1 previsto um encerramento&#8221; da neonatologia do Dona Estef\u00e2nia<\/a>&nbsp;&nbsp;RTP<\/li>\n<li><a href=\"https:\/\/news.google.com\/rss\/articles\/CBMiuAFBVV95cUxPbVl2bDVWNTVra25VUmZ4em8tcXBjemVHYzNXQ0hDNE5TdzRnbml2czZXQTdHNVVSbXFqN09MTTB5T21jUFEzRUtKNjA3WTlINVlnWHNNUHhPNGl3X2owOHVYN3Z5OWpnQWNXd3JuOVN2OEd3ektPaENRTzh2Vk1NLUFQZU1aVGV6UXFVUHpaMnVBRGNVREdfVFJnWlhTb3BXOGwwMUJFTVZtRFliM1k4MXhGbW9HeDR0?oc=5\" target=\"_blank\" rel=\"nofollow noopener\">Regi\u00e3o de Lisboa, todo o sul e ilhas do pa\u00eds perde a neonatologia de refer\u00eancia<\/a>&nbsp;&nbsp;CGTP-IN<\/li>\n<li><a href=\"https:\/\/news.google.com\/rss\/articles\/CBMiqgFBVV95cUxQemZlVU1wU2RVZ0xrdi15TEVjeG9VVTBQWWgtWnAzX0tfVUxsNFMzeUJ5V0hyaDU4OHNia3hmYlc4SllDcWgyZFMwUjBySm5XNEZFWDFKamIyQlJ2TE1ickY2WUl5OHVhNldyWm9lSTU5U1F5WnhqcVZIUTk4XzRjN1pLRExUYlhEc3hGQ0FZX2hOMEVrM2lpZk82YklxZUEtNEVqamctWXpxUQ?oc=5\" target=\"_blank\" rel=\"nofollow noopener\">Hospital Dona Estef\u00e2nia prepara fecho do servi\u00e7o de Neonatologia<\/a>&nbsp;&nbsp;Correio da Manh\u00e3<\/li>\n<li><a href=\"https:\/\/news.google.com\/rss\/articles\/CBMilAFBVV95cUxOTTBZTjJxQWNMNm5XcHJaNmdPeGp0Qlowbm0zdFVLN1VFb2I1UzIzbmVlSXp2bUZPLU5EYkRzb0ZpeE4wR0Q3Z3d6YXZGZjRMUDZTMExHVXZqdEVRNkdPVlo4c1lQUVBoaTRsUWNKSk5xWmtUNkZjeWVDMUNBeTlOajdsQVRTMll5MGZYMTM1UjlOZlVH?oc=5\" target=\"_blank\" rel=\"nofollow noopener\">Enfermeiros criticam fecho da neonatologia no Estef\u00e2nia<\/a>&nbsp;&nbsp;AbrilAbril<\/li>\n<\/ol>\n","protected":false},"excerpt":{"rendered":"ULS de S\u00e3o Jos\u00e9 estuda fecho da neonatologia no Hospital de Dona Estef\u00e2nia&nbsp;&nbsp;Jornal de Not\u00edcias Ministra garante que&hellip;\n","protected":false},"author":2,"featured_media":157086,"comment_status":"","ping_status":"","sticky":false,"template":"","format":"standard","meta":{"footnotes":""},"categories":[10],"tags":[27,28,21113,15,16,14,31112,25,26,21,22,33632,12,13,19,20,32,23,24,33,17,18,33705,29,30,31],"class_list":{"0":"post-157085","1":"post","2":"type-post","3":"status-publish","4":"format-standard","5":"has-post-thumbnail","7":"category-portugal","8":"tag-breaking-news","9":"tag-breakingnews","10":"tag-concelho-lisboa","11":"tag-featured-news","12":"tag-featurednews","13":"tag-headlines","14":"tag-hospital-dona-estefania","15":"tag-latest-news","16":"tag-latestnews","17":"tag-main-news","18":"tag-mainnews","19":"tag-neonatologia","20":"tag-news","21":"tag-noticias","22":"tag-noticias-principais","23":"tag-noticiasprincipais","24":"tag-portugal","25":"tag-principais-noticias","26":"tag-principaisnoticias","27":"tag-pt","28":"tag-top-stories","29":"tag-topstories","30":"tag-uls-sao-jose","31":"tag-ultimas","32":"tag-ultimas-noticias","33":"tag-ultimasnoticias"},"share_on_mastodon":{"url":"https:\/\/pubeurope.com\/@pt\/115573441384625630","error":""},"_links":{"self":[{"href":"https:\/\/www.europesays.com\/pt\/wp-json\/wp\/v2\/posts\/157085","targetHints":{"allow":["GET"]}}],"collection":[{"href":"https:\/\/www.europesays.com\/pt\/wp-json\/wp\/v2\/posts"}],"about":[{"href":"https:\/\/www.europesays.com\/pt\/wp-json\/wp\/v2\/types\/post"}],"author":[{"embeddable":true,"href":"https:\/\/www.europesays.com\/pt\/wp-json\/wp\/v2\/users\/2"}],"replies":[{"embeddable":true,"href":"https:\/\/www.europesays.com\/pt\/wp-json\/wp\/v2\/comments?post=157085"}],"version-history":[{"count":0,"href":"https:\/\/www.europesays.com\/pt\/wp-json\/wp\/v2\/posts\/157085\/revisions"}],"wp:featuredmedia":[{"embeddable":true,"href":"https:\/\/www.europesays.com\/pt\/wp-json\/wp\/v2\/media\/157086"}],"wp:attachment":[{"href":"https:\/\/www.europesays.com\/pt\/wp-json\/wp\/v2\/media?parent=157085"}],"wp:term":[{"taxonomy":"category","embeddable":true,"href":"https:\/\/www.europesays.com\/pt\/wp-json\/wp\/v2\/categories?post=157085"},{"taxonomy":"post_tag","embeddable":true,"href":"https:\/\/www.europesays.com\/pt\/wp-json\/wp\/v2\/tags?post=157085"}],"curies":[{"name":"wp","href":"https:\/\/api.w.org\/{rel}","templated":true}]}}