{"id":157088,"date":"2025-11-19T00:06:22","date_gmt":"2025-11-19T00:06:22","guid":{"rendered":"https:\/\/www.europesays.com\/pt\/157088\/"},"modified":"2025-11-19T00:06:22","modified_gmt":"2025-11-19T00:06:22","slug":"praia-do-canal-nature-resort-atelier-bugio","status":"publish","type":"post","link":"https:\/\/www.europesays.com\/pt\/157088\/","title":{"rendered":"Praia do Canal Nature Resort \/ Atelier Bugio"},"content":{"rendered":"<p><a class=\"js-image-size__link \" href=\"https:\/\/www.archdaily.com.br\/br\/1036154\/praia-do-canal-nature-resort-atelier-bugio\/691bd32120caaa0001ef8011-praia-do-canal-nature-resort-atelier-bugio-foto\" rel=\"attachment nofollow noopener\" style=\"width: 100%; height: 100%;\" target=\"_blank\"><img decoding=\"async\" alt=\"Praia do Canal Nature Resort \/ Atelier Bugio - Imagem 1 de 23\" data-nr-picture-id=\"691bd32120caaa0001ef8011\" fetchpriority=\"high\" height=\"426\" itemprop=\"image\" loading=\"eager\" longdesc=\"https:\/\/www.archdaily.com.br\/br\/1036154\/praia-do-canal-nature-resort-atelier-bugio\/691bd32120caaa0001ef8011-praia-do-canal-nature-resort-atelier-bugio-foto\" src=\"https:\/\/www.europesays.com\/pt\/wp-content\/uploads\/2025\/11\/HAL_F_03.jpg\" style=\"min-height: var(--featured-height, auto); aspect-ratio: auto 640 \/ 426\" width=\"640\"\/><\/a>\u00a9 Alexander Bogorodskiy<\/p>\n<p class=\"thumbs afd-desktop-e clearfix\"><a class=\"thumbs__link\" data-nr-picture-id=\"691bd32320caaa0001ef8015\" href=\"https:\/\/www.archdaily.com.br\/br\/1036154\/praia-do-canal-nature-resort-atelier-bugio\/691bd32320caaa0001ef8015-praia-do-canal-nature-resort-atelier-bugio-foto\" rel=\"attachment nofollow noopener\" target=\"_blank\"><img loading=\"lazy\" decoding=\"async\" alt=\"Praia do Canal Nature Resort \/ Atelier Bugio - Imagem 2 de 23\" class=\"thumbs__img b-lazy\" data-nr-picture-id=\"691bd32320caaa0001ef8015\" data-pin-nopin=\"true\" src=\"https:\/\/www.europesays.com\/pt\/wp-content\/uploads\/2025\/11\/HAL_F_05.jpg\" height=\"125\" longdesc=\"https:\/\/www.archdaily.com.br\/br\/1036154\/praia-do-canal-nature-resort-atelier-bugio\/691bd32320caaa0001ef8015-praia-do-canal-nature-resort-atelier-bugio-foto\" title=\"\u00a9 Alexander Bogorodskiy\" width=\"125\"\/><\/a><a class=\"thumbs__link\" data-nr-picture-id=\"691bd32420caaa0001ef8018\" href=\"https:\/\/www.archdaily.com.br\/br\/1036154\/praia-do-canal-nature-resort-atelier-bugio\/691bd32420caaa0001ef8018-praia-do-canal-nature-resort-atelier-bugio-foto\" rel=\"attachment nofollow noopener\" target=\"_blank\"><img loading=\"lazy\" decoding=\"async\" alt=\"Praia do Canal Nature Resort \/ Atelier Bugio - Imagem 3 de 23\" class=\"thumbs__img b-lazy\" data-nr-picture-id=\"691bd32420caaa0001ef8018\" data-pin-nopin=\"true\" src=\"https:\/\/www.europesays.com\/pt\/wp-content\/uploads\/2025\/11\/01.jpg\" height=\"125\" longdesc=\"https:\/\/www.archdaily.com.br\/br\/1036154\/praia-do-canal-nature-resort-atelier-bugio\/691bd32420caaa0001ef8018-praia-do-canal-nature-resort-atelier-bugio-foto\" title=\"\u00a9 Leonardo Finotti\" width=\"125\"\/><\/a><a class=\"thumbs__link\" data-nr-picture-id=\"691bd32320caaa0001ef8014\" href=\"https:\/\/www.archdaily.com.br\/br\/1036154\/praia-do-canal-nature-resort-atelier-bugio\/691bd32320caaa0001ef8014-praia-do-canal-nature-resort-atelier-bugio-foto\" rel=\"attachment nofollow noopener\" target=\"_blank\"><img loading=\"lazy\" decoding=\"async\" alt=\"Praia do Canal Nature Resort \/ Atelier Bugio - Fotografia de Exterior\" class=\"thumbs__img b-lazy\" data-nr-picture-id=\"691bd32320caaa0001ef8014\" data-pin-nopin=\"true\" src=\"https:\/\/www.europesays.com\/pt\/wp-content\/uploads\/2025\/11\/HAL_F_06.jpg\" height=\"125\" longdesc=\"https:\/\/www.archdaily.com.br\/br\/1036154\/praia-do-canal-nature-resort-atelier-bugio\/691bd32320caaa0001ef8014-praia-do-canal-nature-resort-atelier-bugio-foto\" title=\"\u00a9 Alexander Bogorodskiy\" width=\"125\"\/><\/a><a class=\"thumbs__link\" data-nr-picture-id=\"691bd31f20caaa0001ef800f\" href=\"https:\/\/www.archdaily.com.br\/br\/1036154\/praia-do-canal-nature-resort-atelier-bugio\/691bd31f20caaa0001ef800f-praia-do-canal-nature-resort-atelier-bugio-foto\" rel=\"attachment nofollow noopener\" target=\"_blank\"><img loading=\"lazy\" decoding=\"async\" alt=\"Praia do Canal Nature Resort \/ Atelier Bugio - Imagem 5 de 23\" class=\"thumbs__img b-lazy\" data-nr-picture-id=\"691bd31f20caaa0001ef800f\" data-pin-nopin=\"true\" src=\"https:\/\/www.europesays.com\/pt\/wp-content\/uploads\/2025\/11\/HAL_F_01.jpg\" height=\"125\" longdesc=\"https:\/\/www.archdaily.com.br\/br\/1036154\/praia-do-canal-nature-resort-atelier-bugio\/691bd31f20caaa0001ef800f-praia-do-canal-nature-resort-atelier-bugio-foto\" title=\"\u00a9 Alexander Bogorodskiy\" width=\"125\"\/><\/a><a class=\"gallery-link afd-desktop-e\" href=\"https:\/\/www.archdaily.com.br\/br\/1036154\/praia-do-canal-nature-resort-atelier-bugio\/691bd32120caaa0001ef8011-praia-do-canal-nature-resort-atelier-bugio-foto\" rel=\"nofollow noopener\" target=\"_blank\"><img decoding=\"async\" alt=\"Praia do Canal Nature Resort \/ Atelier Bugio - Mais Imagens\" class=\"thumbs__img b-lazy\" src=\"https:\/\/www.europesays.com\/pt\/wp-content\/uploads\/2025\/11\/HAL_F_03.jpg\" itemprop=\"image\" bad-src=\"data:image\/gif;base64,R0lGODlhAQABAIAAAAUEBAAAACwAAAAAAQABAAACAkQBADs=\"\/>+ 18<\/a><\/p>\n<p>    Compartilhar<\/p>\n<p>Compartilhar<\/p>\n<ul class=\"afd-share__networks clearfix\">\n<li class=\"afd-share__social\"><a aria-label=\"Facebook\" class=\"afd-share__button\" data-insights-category=\"share\" data-insights-label=\"facebook_sharing_options\" data-insights-value=\"1036154\" data-social=\"facebook\" href=\"https:\/\/www.facebook.com\/sharer\/sharer.php?u=https:\/\/www.archdaily.com.br\/br\/1036154\/praia-do-canal-nature-resort-atelier-bugio\" rel=\"nofollow noopener\" target=\"_blank\"><\/a>\n<p>Facebook<\/p>\n<\/li>\n<li class=\"afd-share__social\"><a aria-label=\"Twitter\" class=\"afd-share__button\" data-insights-category=\"share\" data-insights-label=\"twitter_sharing_options\" data-insights-value=\"1036154\" data-social=\"twitter\" href=\"https:\/\/twitter.com\/intent\/tweet?text=Praia%20do%20Canal%20Nature%20Resort%20%2F%20Atelier%20Bugio&amp;url=https:\/\/www.archdaily.com.br\/br\/1036154\/praia-do-canal-nature-resort-atelier-bugio&amp;via=archdailybr\" rel=\"nofollow noopener\" target=\"_blank\"><\/a>\n<p>Twitter<\/p>\n<\/li>\n<li class=\"afd-share__social\"><a class=\"afd-share__button\" data-insights-category=\"share\" data-insights-label=\"email_sharing_options\" data-insights-value=\"1036154\" data-social=\"email\" href=\"mailto:?subject=Praia do Canal Nature Resort \/ Atelier Bugio&amp;body=https:\/\/www.archdaily.com.br\/br\/1036154\/praia-do-canal-nature-resort-atelier-bugio\"><\/a>\n<p>Mail<\/p>\n<\/li>\n<li class=\"afd-share__social\"><a aria-label=\"Pinterest\" class=\"afd-share__button\" data-insights-category=\"share\" data-insights-label=\"pinterest_sharing_options\" data-insights-value=\"1036154\" data-social=\"pinterest\" href=\"https:\/\/pinterest.com\/pin\/create\/button\/?url=https%3A%2F%2Fwww.archdaily.com.br%2Fbr%2F1036154%2Fpraia-do-canal-nature-resort-atelier-bugio&amp;media=https%3A%2F%2Fimages.adsttc.com%2Fmedia%2Fimages%2F691b%2Fd321%2F20ca%2Faa00%2F01ef%2F8011%2Flarge_jpg%2FHAL_F_03.jpg%3F1763431400&amp;description=Praia%20do%20Canal%20Nature%20Resort%20%2F%20Atelier%20Bugio\" rel=\"nofollow noopener\" target=\"_blank\"><\/a>\n<p>Pinterest<\/p>\n<\/li>\n<li class=\"afd-share__social\"><a aria-label=\"Whatsapp\" class=\"afd-share__button\" data-action=\"share\/whatsapp\/share\" data-insights-category=\"share\" data-insights-label=\"whatsapp_sharing_options\" data-insights-value=\"1036154\" data-social=\"whatsapp\" href=\"whatsapp:\/\/send?text=Praia+do+Canal+Nature+Resort+%2F+Atelier+Bugio+%7C+https%3A%2F%2Fwww.archdaily.com.br%2Fbr%2F1036154%2Fpraia-do-canal-nature-resort-atelier-bugio%3Futm_source%3DWhatsapp%26utm_medium%3DIM%26utm_campaign%3Dshare-button\" rel=\"nofollow\"><\/a>\n<p>Whatsapp<\/p>\n<\/li>\n<\/ul>\n<p>Ou<\/p>\n<p>https:\/\/www.archdaily.com.br\/br\/1036154\/praia-do-canal-nature-resort-atelier-bugio<br \/>\n<a class=\"js-image-size__link lazy-anchor\" href=\"https:\/\/www.archdaily.com.br\/br\/1036154\/praia-do-canal-nature-resort-atelier-bugio\/691bd32320caaa0001ef8015-praia-do-canal-nature-resort-atelier-bugio-foto\" rel=\"nofollow noopener\" target=\"_blank\"><img decoding=\"async\" alt=\"Praia do Canal Nature Resort \/ Atelier Bugio - Imagem 2 de 23\" data-nr-picture-id=\"691bd32320caaa0001ef8015\" height=\"427\" itemprop=\"image\" loading=\"lazy\" longdesc=\"https:\/\/www.archdaily.com.br\/br\/1036154\/praia-do-canal-nature-resort-atelier-bugio\/691bd32320caaa0001ef8015-praia-do-canal-nature-resort-atelier-bugio-foto\" src=\"https:\/\/www.europesays.com\/pt\/wp-content\/uploads\/2025\/11\/1763510779_668_HAL_F_05.jpg\" width=\"640\"\/>\u00a9 Alexander Bogorodskiy<\/a><\/p>\n<p>Descri\u00e7\u00e3o enviada pela equipe de projeto. A propriedade, inserida no Parque Natural do Sudoeste Alentejano e Costa Vicentina, distingue tr\u00eas grandes zonas: uma zona de cumeeira mais elevada, uma zona de planalto e um extenso vale orientado a noroeste, que se estende at\u00e9 ao mar. <strong>A interven\u00e7\u00e3o parte de uma an\u00e1lise profunda do territ\u00f3rio com o objetivo de estabelecer uma rela\u00e7\u00e3o vincada com este, incorporando-o sem o alterar.<\/strong> Rege-se por uma premissa fundamental: fazer corresponder a experi\u00eancia do ambiente natural envolvente, \u00e0 pr\u00f3pria experi\u00eancia do habitar do hotel.<\/p>\n<p><a class=\"js-image-size__link lazy-anchor\" href=\"https:\/\/www.archdaily.com.br\/br\/1036154\/praia-do-canal-nature-resort-atelier-bugio\/691bd31f20caaa0001ef800f-praia-do-canal-nature-resort-atelier-bugio-foto\" rel=\"nofollow noopener\" target=\"_blank\"><img decoding=\"async\" alt=\"Praia do Canal Nature Resort \/ Atelier Bugio - Imagem 5 de 23\" data-nr-picture-id=\"691bd31f20caaa0001ef800f\" height=\"427\" itemprop=\"image\" loading=\"lazy\" longdesc=\"https:\/\/www.archdaily.com.br\/br\/1036154\/praia-do-canal-nature-resort-atelier-bugio\/691bd31f20caaa0001ef800f-praia-do-canal-nature-resort-atelier-bugio-foto\" src=\"https:\/\/www.europesays.com\/pt\/wp-content\/uploads\/2025\/11\/1763510779_43_HAL_F_01.jpg\" width=\"640\"\/>\u00a9 Alexander Bogorodskiy<\/a><\/p>\n<p>A partir desta premissa, surgem duas abordagens ao lugar: <strong>a ideia de edif\u00edcio-territ\u00f3rio e a ideia de arquitetura-percurso<\/strong>. O territ\u00f3rio \u00e9 assumido como o pr\u00f3prio corpo da constru\u00e7\u00e3o do hotel e o projeto surge como um exerc\u00edcio de &#8220;acupunctura&#8221; neste, introduzindo uma transforma\u00e7\u00e3o pontual e cir\u00fargica. O espa\u00e7o do hotel n\u00e3o se cinge ao per\u00edmetro das suas constru\u00e7\u00f5es s\u00f3lidas, mas usufrui do terreno, enfatizando as suas potencialidades e caracter\u00edsticas \u00fanicas, criando uma rede estruturante de percursos. Proporciona-se, deste modo, uma experi\u00eancia hoteleira \u00e0 escala do territ\u00f3rio e n\u00e3o apenas \u00e0 escala do quarto.<\/p>\n<p><a class=\"js-image-size__link lazy-anchor\" href=\"https:\/\/www.archdaily.com.br\/br\/1036154\/praia-do-canal-nature-resort-atelier-bugio\/691bd32420caaa0001ef8018-praia-do-canal-nature-resort-atelier-bugio-foto\" rel=\"nofollow noopener\" target=\"_blank\"><img decoding=\"async\" alt=\"Praia do Canal Nature Resort \/ Atelier Bugio - Imagem 3 de 23\" data-nr-picture-id=\"691bd32420caaa0001ef8018\" height=\"427\" itemprop=\"image\" loading=\"lazy\" longdesc=\"https:\/\/www.archdaily.com.br\/br\/1036154\/praia-do-canal-nature-resort-atelier-bugio\/691bd32420caaa0001ef8018-praia-do-canal-nature-resort-atelier-bugio-foto\" src=\"https:\/\/www.europesays.com\/pt\/wp-content\/uploads\/2025\/11\/1763510780_335_01.jpg\" width=\"640\"\/>\u00a9 Leonardo Finotti<\/a><\/p>\n<p>Define-se um m\u00f3dulo que se repete, com diferentes apropria\u00e7\u00f5es da topografia. <strong>S\u00e3o dispostas m\u00ednimas edifica\u00e7\u00f5es ordenadas num territ\u00f3rio aberto, em fun\u00e7\u00e3o dos seus programas.<\/strong> Os v\u00e1rios pontos formam uma unidade composta por c\u00e9lulas que permitem a viv\u00eancia \u00e0 escala individual, associada \u00e0 ideia de retiro, induzida pela envolvente natural e estabelecendo rela\u00e7\u00f5es muito fortes ao n\u00edvel dos sentidos.<\/p>\n<p><a class=\"js-image-size__link lazy-anchor\" href=\"https:\/\/www.archdaily.com.br\/br\/1036154\/praia-do-canal-nature-resort-atelier-bugio\/691bd32520caaa0001ef8020-praia-do-canal-nature-resort-atelier-bugio-planta-baixa-cota-159\" rel=\"nofollow noopener\" target=\"_blank\"><img decoding=\"async\" alt=\"Praia do Canal Nature Resort \/ Atelier Bugio - Imagem 17 de 23\" data-nr-picture-id=\"691bd32520caaa0001ef8020\" height=\"427\" itemprop=\"image\" loading=\"lazy\" longdesc=\"https:\/\/www.archdaily.com.br\/br\/1036154\/praia-do-canal-nature-resort-atelier-bugio\/691bd32520caaa0001ef8020-praia-do-canal-nature-resort-atelier-bugio-planta-baixa-cota-159\" src=\"https:\/\/www.europesays.com\/pt\/wp-content\/uploads\/2025\/11\/A4_04_Planta_Cota_159_1_500.jpg\" width=\"640\"\/>Planta baixa &#8211; Cota 159<\/a><a class=\"js-image-size__link lazy-anchor\" href=\"https:\/\/www.archdaily.com.br\/br\/1036154\/praia-do-canal-nature-resort-atelier-bugio\/691bd32420caaa0001ef801b-praia-do-canal-nature-resort-atelier-bugio-planta-e-cortes-spa\" rel=\"nofollow noopener\" target=\"_blank\"><img decoding=\"async\" alt=\"Praia do Canal Nature Resort \/ Atelier Bugio - Imagem 22 de 23\" data-nr-picture-id=\"691bd32420caaa0001ef801b\" height=\"427\" itemprop=\"image\" loading=\"lazy\" longdesc=\"https:\/\/www.archdaily.com.br\/br\/1036154\/praia-do-canal-nature-resort-atelier-bugio\/691bd32420caaa0001ef801b-praia-do-canal-nature-resort-atelier-bugio-planta-e-cortes-spa\" src=\"https:\/\/www.europesays.com\/pt\/wp-content\/uploads\/2025\/11\/A4_07_-_Spa_02.jpg\" width=\"640\"\/>Planta e cortes &#8211; Spa<\/a><\/p>\n<p>Cria-se um espa\u00e7o integrado pelo mar, pela plan\u00edcie e pelo c\u00e9u, usufruindo da intensidade da luz a partir de todos os quadrantes. <strong>A forma adquire uma dupla leitura \u2013 a da ermida enquanto ponto no territ\u00f3rio e a da estrutura desenhada em torno dos pontos \u2013 que n\u00e3o \u00e9 apreendida de forma imediata por se tratar de uma constru\u00e7\u00e3o pelo vazio.<\/strong><\/p>\n<p><a class=\"js-image-size__link lazy-anchor\" href=\"https:\/\/www.archdaily.com.br\/br\/1036154\/praia-do-canal-nature-resort-atelier-bugio\/691bd32420caaa0001ef8019-praia-do-canal-nature-resort-atelier-bugio-foto\" rel=\"nofollow noopener\" target=\"_blank\"><img decoding=\"async\" alt=\"Praia do Canal Nature Resort \/ Atelier Bugio - Imagem 7 de 23\" data-nr-picture-id=\"691bd32420caaa0001ef8019\" height=\"427\" itemprop=\"image\" loading=\"lazy\" longdesc=\"https:\/\/www.archdaily.com.br\/br\/1036154\/praia-do-canal-nature-resort-atelier-bugio\/691bd32420caaa0001ef8019-praia-do-canal-nature-resort-atelier-bugio-foto\" src=\"https:\/\/www.europesays.com\/pt\/wp-content\/uploads\/2025\/11\/02__4_.jpg\" width=\"640\"\/>\u00a9 Alexander Bogorodskiy<\/a><a class=\"js-image-size__link lazy-anchor\" href=\"https:\/\/www.archdaily.com.br\/br\/1036154\/praia-do-canal-nature-resort-atelier-bugio\/691bd32020caaa0001ef8010-praia-do-canal-nature-resort-atelier-bugio-foto\" rel=\"nofollow noopener\" target=\"_blank\"><img decoding=\"async\" alt=\"Praia do Canal Nature Resort \/ Atelier Bugio - Imagem 8 de 23\" data-nr-picture-id=\"691bd32020caaa0001ef8010\" height=\"427\" itemprop=\"image\" loading=\"lazy\" longdesc=\"https:\/\/www.archdaily.com.br\/br\/1036154\/praia-do-canal-nature-resort-atelier-bugio\/691bd32020caaa0001ef8010-praia-do-canal-nature-resort-atelier-bugio-foto\" src=\"https:\/\/www.europesays.com\/pt\/wp-content\/uploads\/2025\/11\/HAL_F_02.jpg\" width=\"640\"\/>\u00a9 Alexander Bogorodskiy<\/a><\/p>\n<p>\u00c9 uma arquitetura sensorial, que n\u00e3o recorre a artif\u00edcios ou elementos sup\u00e9rfluos, pois todos os seus componentes s\u00e3o habit\u00e1veis.<\/p>\n<p><a class=\"js-image-size__link lazy-anchor\" href=\"https:\/\/www.archdaily.com.br\/br\/1036154\/praia-do-canal-nature-resort-atelier-bugio\/691bd31d20caaa0001ef800b-praia-do-canal-nature-resort-atelier-bugio-foto\" rel=\"nofollow noopener\" target=\"_blank\"><img decoding=\"async\" alt=\"Praia do Canal Nature Resort \/ Atelier Bugio - Imagem 6 de 23\" data-nr-picture-id=\"691bd31d20caaa0001ef800b\" height=\"427\" itemprop=\"image\" loading=\"lazy\" longdesc=\"https:\/\/www.archdaily.com.br\/br\/1036154\/praia-do-canal-nature-resort-atelier-bugio\/691bd31d20caaa0001ef800b-praia-do-canal-nature-resort-atelier-bugio-foto\" src=\"https:\/\/www.europesays.com\/pt\/wp-content\/uploads\/2025\/11\/HAL_F_08.jpg\" width=\"640\"\/>\u00a9 Alexander Bogorodskiy<\/a><script async src=\"https:\/\/platform.twitter.com\/widgets.js\" charset=\"utf-8\"><\/script><\/p>\n","protected":false},"excerpt":{"rendered":"\u00a9 Alexander Bogorodskiy + 18 Compartilhar Compartilhar Facebook Twitter Mail Pinterest Whatsapp Ou https:\/\/www.archdaily.com.br\/br\/1036154\/praia-do-canal-nature-resort-atelier-bugio \u00a9 Alexander Bogorodskiy Descri\u00e7\u00e3o&hellip;\n","protected":false},"author":2,"featured_media":157089,"comment_status":"","ping_status":"","sticky":false,"template":"","format":"standard","meta":{"footnotes":""},"categories":[144],"tags":[8134,304,207,205,206,203,201,202,204,114,115,9844,32,33],"class_list":{"0":"post-157088","1":"post","2":"type-post","3":"status-publish","4":"format-standard","5":"has-post-thumbnail","7":"category-arte-e-design","8":"tag-aljezur","9":"tag-arquitetura","10":"tag-arte","11":"tag-arte-e-design","12":"tag-artedesign","13":"tag-arts","14":"tag-arts-and-design","15":"tag-artsanddesign","16":"tag-design","17":"tag-entertainment","18":"tag-entretenimento","19":"tag-hospitalidade-e-entretenimento","20":"tag-portugal","21":"tag-pt"},"share_on_mastodon":{"url":"https:\/\/pubeurope.com\/@pt\/115573449742343106","error":""},"_links":{"self":[{"href":"https:\/\/www.europesays.com\/pt\/wp-json\/wp\/v2\/posts\/157088","targetHints":{"allow":["GET"]}}],"collection":[{"href":"https:\/\/www.europesays.com\/pt\/wp-json\/wp\/v2\/posts"}],"about":[{"href":"https:\/\/www.europesays.com\/pt\/wp-json\/wp\/v2\/types\/post"}],"author":[{"embeddable":true,"href":"https:\/\/www.europesays.com\/pt\/wp-json\/wp\/v2\/users\/2"}],"replies":[{"embeddable":true,"href":"https:\/\/www.europesays.com\/pt\/wp-json\/wp\/v2\/comments?post=157088"}],"version-history":[{"count":0,"href":"https:\/\/www.europesays.com\/pt\/wp-json\/wp\/v2\/posts\/157088\/revisions"}],"wp:featuredmedia":[{"embeddable":true,"href":"https:\/\/www.europesays.com\/pt\/wp-json\/wp\/v2\/media\/157089"}],"wp:attachment":[{"href":"https:\/\/www.europesays.com\/pt\/wp-json\/wp\/v2\/media?parent=157088"}],"wp:term":[{"taxonomy":"category","embeddable":true,"href":"https:\/\/www.europesays.com\/pt\/wp-json\/wp\/v2\/categories?post=157088"},{"taxonomy":"post_tag","embeddable":true,"href":"https:\/\/www.europesays.com\/pt\/wp-json\/wp\/v2\/tags?post=157088"}],"curies":[{"name":"wp","href":"https:\/\/api.w.org\/{rel}","templated":true}]}}