{"id":157092,"date":"2025-11-19T00:11:09","date_gmt":"2025-11-19T00:11:09","guid":{"rendered":"https:\/\/www.europesays.com\/pt\/157092\/"},"modified":"2025-11-19T00:11:09","modified_gmt":"2025-11-19T00:11:09","slug":"noites-opostas-para-dragoes-e-aguias-na-liga-europeia-de-andebol","status":"publish","type":"post","link":"https:\/\/www.europesays.com\/pt\/157092\/","title":{"rendered":"Noites opostas para drag\u00f5es e \u00e1guias na Liga Europeia de andebol"},"content":{"rendered":"<p data-remotead-prev-elm=\"true\" data-remotead-elm-id=\"inread\">As equipas portuguesas viveram emo\u00e7\u00f5es contrastantes na Liga Europeia de andebol. No Drag\u00e3o Arena, o F. C. Porto sofreu a primeira derrota (31-29) na competi\u00e7\u00e3o esta \u00e9poca, frente aos noruegueses do Elverum, enquanto o Benfica manteve o registo vitorioso frente aos suecos Karlskrona, vencendo por 36-33, no Pavilh\u00e3o da Luz.<\/p>\n<p>Os &#8220;drag\u00f5es&#8221; n\u00e3o conseguiu travar a efic\u00e1cia do Elverum, que saiu do Porto com um triunfo por uma pequena margem. A forma\u00e7\u00e3o n\u00f3rdica entrou mais assertiva e, apesar do bom arranque portista, rapidamente assumiu o controlo do marcador. A efic\u00e1cia ofensiva dos noruegueses, que chegaram a ter 100% de acerto nos primeiros 12 minutos, criou dificuldades constantes \u00e0 equipa de Magnus Andersson.<\/p>\n<p>Abrahamsson entrou para a baliza e ainda deu resposta com interven\u00e7\u00f5es importantes, mas o Elverum aproveitou duas exclus\u00f5es consecutivas dos drag\u00f5es para se manter por cima. O FC Porto reagiu e recolheu aos balne\u00e1rios a vencer por 19-16, gra\u00e7as a um golo de Pedro Oliveira nos segundos finais.<\/p>\n<p data-remotead-prev-elm=\"true\" data-remotead-elm-id=\"centro1\">No segundo tempo, j\u00e1 sem Gunnarsson, lesionado na primeira parte, os portistas perderam alguma profundidade ofensiva e enfrentaram um advers\u00e1rio sempre perigoso. A reta final foi vivida com grande equil\u00edbrio, mas os noruegueses mostraram maior frescura e efic\u00e1cia, selando a primeira derrota europeia dos drag\u00f5es nesta temporada.<\/p>\n<p>Os azuis e brancos seguem no primeiro lugar do grupo D, e apesar deste rev\u00eas, podem selar o apuramento para a fase seguinte, na pr\u00f3xima semana, em casa, frente ao islandeses do Fram.<\/p>\n<p>Em Lisboa, o Benfica apresentou-se s\u00f3lido e competente, construindo uma vit\u00f3ria segura frente ao Karlskrona. Os encarnados entraram bem, com Rangel da Rosa a destacar-se entre os postes e Javi Rodr\u00edguez a assinar um in\u00edcio irrepreens\u00edvel, com seis golos em outras tantas tentativas. Ao intervalo, o Benfica j\u00e1 liderava por 18-13.<\/p>\n<p data-remotead-prev-elm=\"true\" data-remotead-elm-id=\"centro2\">Na segunda parte, a equipa de Jota Gonz\u00e1lez soube gerir a vantagem, respondendo sempre \u00e0s investidas dos suecos e garantindo um triunfo sem sobressaltos.<\/p>\n<p>Javi Rodr\u00edguez foi a grande figura da partida, terminando com 12 golos em 12 remates, naquela que foi a sua melhor exibi\u00e7\u00e3o desde que chegou ao clube. Com este resultado, o Benfica soma seis pontos em quatro jogos e segue em segundo lugar no grupo E, tendo como pr\u00f3ximo advers\u00e1rio os alem\u00e3es do Melsungen, que lideram a poule.<\/p>\n","protected":false},"excerpt":{"rendered":"As equipas portuguesas viveram emo\u00e7\u00f5es contrastantes na Liga Europeia de andebol. No Drag\u00e3o Arena, o F. C. Porto&hellip;\n","protected":false},"author":2,"featured_media":157093,"comment_status":"","ping_status":"","sticky":false,"template":"","format":"standard","meta":{"footnotes":""},"categories":[87],"tags":[2693,51,135,20558,33706,32,33,134],"class_list":{"0":"post-157092","1":"post","2":"type-post","3":"status-publish","4":"format-standard","5":"has-post-thumbnail","7":"category-desporto","8":"tag-andebol","9":"tag-benfica","10":"tag-desporto","11":"tag-f-c-porto","12":"tag-liga-europeia","13":"tag-portugal","14":"tag-pt","15":"tag-sports"},"share_on_mastodon":{"url":"https:\/\/pubeurope.com\/@pt\/115573468830488292","error":""},"_links":{"self":[{"href":"https:\/\/www.europesays.com\/pt\/wp-json\/wp\/v2\/posts\/157092","targetHints":{"allow":["GET"]}}],"collection":[{"href":"https:\/\/www.europesays.com\/pt\/wp-json\/wp\/v2\/posts"}],"about":[{"href":"https:\/\/www.europesays.com\/pt\/wp-json\/wp\/v2\/types\/post"}],"author":[{"embeddable":true,"href":"https:\/\/www.europesays.com\/pt\/wp-json\/wp\/v2\/users\/2"}],"replies":[{"embeddable":true,"href":"https:\/\/www.europesays.com\/pt\/wp-json\/wp\/v2\/comments?post=157092"}],"version-history":[{"count":0,"href":"https:\/\/www.europesays.com\/pt\/wp-json\/wp\/v2\/posts\/157092\/revisions"}],"wp:featuredmedia":[{"embeddable":true,"href":"https:\/\/www.europesays.com\/pt\/wp-json\/wp\/v2\/media\/157093"}],"wp:attachment":[{"href":"https:\/\/www.europesays.com\/pt\/wp-json\/wp\/v2\/media?parent=157092"}],"wp:term":[{"taxonomy":"category","embeddable":true,"href":"https:\/\/www.europesays.com\/pt\/wp-json\/wp\/v2\/categories?post=157092"},{"taxonomy":"post_tag","embeddable":true,"href":"https:\/\/www.europesays.com\/pt\/wp-json\/wp\/v2\/tags?post=157092"}],"curies":[{"name":"wp","href":"https:\/\/api.w.org\/{rel}","templated":true}]}}