{"id":157098,"date":"2025-11-19T00:16:34","date_gmt":"2025-11-19T00:16:34","guid":{"rendered":"https:\/\/www.europesays.com\/pt\/157098\/"},"modified":"2025-11-19T00:16:34","modified_gmt":"2025-11-19T00:16:34","slug":"quais-sao-os-paises-da-ue-que-gastam-mais-em-prestacoes-sociais-e-onde-fica-portugal","status":"publish","type":"post","link":"https:\/\/www.europesays.com\/pt\/157098\/","title":{"rendered":"quais s\u00e3o os pa\u00edses da UE que gastam mais em presta\u00e7\u00f5es sociais e onde fica Portugal?"},"content":{"rendered":"<p>A Uni\u00e3o Europeia aumentou em 2024 o investimento em prote\u00e7\u00e3o social, com todos os Estados-membros a refor\u00e7ar a despesa e o or\u00e7amento total a aproximar-se dos cinco bili\u00f5es de euros. Segundo a \u2018Euronews\u2019, trata-se de um crescimento global de quase 7%, num contexto marcado pelo envelhecimento demogr\u00e1fico, pela press\u00e3o sobre os sistemas de sa\u00fade e pelas necessidades de habita\u00e7\u00e3o acess\u00edvel.<\/p>\n<p>A despesa m\u00e9dia em presta\u00e7\u00f5es sociais corresponde agora a cerca de 27% do PIB europeu, embora persistam diferen\u00e7as significativas entre pa\u00edses. Finl\u00e2ndia, Fran\u00e7a e \u00c1ustria surgem como os mais generosos, alocando cerca de 32% do PIB, enquanto a Irlanda ocupa a \u00faltima posi\u00e7\u00e3o, com 12%. J\u00e1 Portugal registou 23,27%<\/p>\n<p><strong>Irlanda gasta menos, mas ranking tem explica\u00e7\u00f5es estruturais<\/strong><\/p>\n<p>A Irlanda continua a apresentar a menor fatia de despesa social na UE, menos at\u00e9 do que pa\u00edses terceiros como B\u00f3snia-Herzegovina ou S\u00e9rvia, de acordo com o Eurostat. No entanto, especialistas citados pela \u2018Euronews\u2019 explicam que o perfil demogr\u00e1fico mais jovem reduz a press\u00e3o sobre pens\u00f5es, cuidados prolongados e sa\u00fade relacionada com a idade.<\/p>\n<p>Outro fator \u00e9 o impacto das multinacionais no PIB irland\u00eas, que inflaciona artificialmente o indicador. Por isso, acad\u00e9micos defendem que o Rendimento Nacional Bruto \u00e9 uma m\u00e9trica mais fiel para avaliar o n\u00edvel de vida no pa\u00eds. Ainda assim, a Irlanda destaca-se ao surgir como o segundo Estado-membro que mais investe em habita\u00e7\u00e3o social, proporcionalmente ao PIB.<\/p>\n<p><strong>Pens\u00f5es continuam a dominar a despesa social europeia<\/strong><\/p>\n<p>As presta\u00e7\u00f5es de velhice s\u00e3o o maior peso or\u00e7amental na UE, representando dois bili\u00f5es de euros. Logo a seguir surgem sa\u00fade e doen\u00e7a, com quase 1,5 bili\u00f5es de euros, e depois o apoio \u00e0 fam\u00edlia e inf\u00e2ncia, seguido das medidas destinadas a pessoas com defici\u00eancia.<\/p>\n<p>\u00c1ustria, It\u00e1lia e Finl\u00e2ndia lideram a despesa com pens\u00f5es, todas acima de 14% do respetivo PIB. J\u00e1 na \u00e1rea da sa\u00fade, a Alemanha mant\u00e9m a posi\u00e7\u00e3o cimeira, com 9,9%, seguida por Fran\u00e7a e Pa\u00edses Baixos, ambos com 9,5%.<\/p>\n<p>No apoio ao desemprego, Fran\u00e7a ocupa o primeiro lugar, com 1,75% do PIB, seguida de Finl\u00e2ndia e Espanha.<\/p>\n<p><strong>Habita\u00e7\u00e3o acess\u00edvel preocupa europeus \u2014 e Finl\u00e2ndia lidera investimento<\/strong><\/p>\n<p>A Finl\u00e2ndia \u00e9 o pa\u00eds que mais despende em habita\u00e7\u00e3o, alocando 0,99% do PIB, seguida por Irlanda e Alemanha. A press\u00e3o sobre o custo da habita\u00e7\u00e3o \u00e9, contudo, transversal ao continente: um Eurobar\u00f3metro de 2025 mostra que 40% dos inquiridos consideram a falta de casas a pre\u00e7os acess\u00edveis o problema mais urgente da UE, valor que sobe para 51% entre residentes urbanos.<\/p>\n<p><strong>Est\u00f3nia regista maior crescimento da despesa social \u2014 mas infla\u00e7\u00e3o explica subida<\/strong><\/p>\n<p>A Est\u00f3nia foi o pa\u00eds que mais aumentou a despesa social em 2024, com uma subida pr\u00f3xima de 20%, \u00e0 frente da Cro\u00e1cia e da Rom\u00e9nia. Especialistas sublinham, por\u00e9m, que este salto resulta sobretudo da indexa\u00e7\u00e3o autom\u00e1tica das pens\u00f5es e do crescimento acelerado dos sal\u00e1rios, e n\u00e3o de uma expans\u00e3o pol\u00edtica do Estado-Provid\u00eancia.<\/p>\n<p>As presta\u00e7\u00f5es parentais, calculadas com base no sal\u00e1rio, tamb\u00e9m encareceram, tal como os mecanismos associados ao aumento do custo de vida.<\/p>\n<p><strong>Alemanha cresce menos, mas enfrenta press\u00f5es adicionais<\/strong><\/p>\n<p>Entre os aumentos mais modestos est\u00e3o Gr\u00e9cia, Su\u00e9cia, It\u00e1lia e Dinamarca, todas abaixo dos 5%. A Alemanha registou um crescimento de 6,5%, inferior ao de muitos parceiros europeus, mas especialistas sublinham que o pa\u00eds enfrenta fatores adicionais, como os custos associados aos refugiados ucranianos e o abrandamento econ\u00f3mico, que reduz o crescimento do PIB e aumenta o desemprego.<\/p>\n","protected":false},"excerpt":{"rendered":"A Uni\u00e3o Europeia aumentou em 2024 o investimento em prote\u00e7\u00e3o social, com todos os Estados-membros a refor\u00e7ar a&hellip;\n","protected":false},"author":2,"featured_media":93760,"comment_status":"","ping_status":"","sticky":false,"template":"","format":"standard","meta":{"footnotes":""},"categories":[50],"tags":[27,28,15,16,14,25,26,21,22,62,12,13,19,20,23,24,17,18,29,30,31,63,64,65],"class_list":{"0":"post-157098","1":"post","2":"type-post","3":"status-publish","4":"format-standard","5":"has-post-thumbnail","7":"category-mundo","8":"tag-breaking-news","9":"tag-breakingnews","10":"tag-featured-news","11":"tag-featurednews","12":"tag-headlines","13":"tag-latest-news","14":"tag-latestnews","15":"tag-main-news","16":"tag-mainnews","17":"tag-mundo","18":"tag-news","19":"tag-noticias","20":"tag-noticias-principais","21":"tag-noticiasprincipais","22":"tag-principais-noticias","23":"tag-principaisnoticias","24":"tag-top-stories","25":"tag-topstories","26":"tag-ultimas","27":"tag-ultimas-noticias","28":"tag-ultimasnoticias","29":"tag-world","30":"tag-world-news","31":"tag-worldnews"},"share_on_mastodon":{"url":"https:\/\/pubeurope.com\/@pt\/115573488776704763","error":""},"_links":{"self":[{"href":"https:\/\/www.europesays.com\/pt\/wp-json\/wp\/v2\/posts\/157098","targetHints":{"allow":["GET"]}}],"collection":[{"href":"https:\/\/www.europesays.com\/pt\/wp-json\/wp\/v2\/posts"}],"about":[{"href":"https:\/\/www.europesays.com\/pt\/wp-json\/wp\/v2\/types\/post"}],"author":[{"embeddable":true,"href":"https:\/\/www.europesays.com\/pt\/wp-json\/wp\/v2\/users\/2"}],"replies":[{"embeddable":true,"href":"https:\/\/www.europesays.com\/pt\/wp-json\/wp\/v2\/comments?post=157098"}],"version-history":[{"count":0,"href":"https:\/\/www.europesays.com\/pt\/wp-json\/wp\/v2\/posts\/157098\/revisions"}],"wp:featuredmedia":[{"embeddable":true,"href":"https:\/\/www.europesays.com\/pt\/wp-json\/wp\/v2\/media\/93760"}],"wp:attachment":[{"href":"https:\/\/www.europesays.com\/pt\/wp-json\/wp\/v2\/media?parent=157098"}],"wp:term":[{"taxonomy":"category","embeddable":true,"href":"https:\/\/www.europesays.com\/pt\/wp-json\/wp\/v2\/categories?post=157098"},{"taxonomy":"post_tag","embeddable":true,"href":"https:\/\/www.europesays.com\/pt\/wp-json\/wp\/v2\/tags?post=157098"}],"curies":[{"name":"wp","href":"https:\/\/api.w.org\/{rel}","templated":true}]}}