{"id":157099,"date":"2025-11-19T00:17:10","date_gmt":"2025-11-19T00:17:10","guid":{"rendered":"https:\/\/www.europesays.com\/pt\/157099\/"},"modified":"2025-11-19T00:17:10","modified_gmt":"2025-11-19T00:17:10","slug":"marques-mendes-e-antonio-filipe-concordaram-em-discordar-de-tudo-debates-presidenciais-2026","status":"publish","type":"post","link":"https:\/\/www.europesays.com\/pt\/157099\/","title":{"rendered":"Marques Mendes e Ant\u00f3nio Filipe concordaram em discordar de tudo | Debates presidenciais 2026"},"content":{"rendered":"<p>As gravatas azuis de Lu\u00eds Marques Mendes e de Ant\u00f3nio Filipe foram as \u00fanicas coisas em que houve sintonia entre estes candidatos presidenciais. Isso e as acusa\u00e7\u00f5es de \u201cfac\u00e7\u00e3o\u201d dirigidas um ao outro. De resto, no primeiro debate televisivo destes candidatos, as posi\u00e7\u00f5es foram totalmente opostas em mat\u00e9rias como a lei laboral, as cerim\u00f3nias dos 50 anos do 25 de Novembro, a TAP ou a guerra na Ucr\u00e2nia.<\/p>\n<p>Com o primeiro tema em cima da mesa a ser a revis\u00e3o da <a href=\"https:\/\/www.publico.pt\/legislacao-laboral\" rel=\"nofollow noopener\" target=\"_blank\">lei laboral<\/a>, Lu\u00eds Marques Mendes foi o primeiro a intervir para sublinhar a necessidade de \u201cn\u00e3o dramatizar\u201d a exist\u00eancia de uma greve geral, relativizar os \u201ctranstornos\u201d e manifestar a esperan\u00e7a de que ser\u00e1 poss\u00edvel \u201co di\u00e1logo e o equil\u00edbrio\u201d depois da <a href=\"https:\/\/www.publico.pt\/2025\/11\/08\/economia\/noticia\/cgtp-ugt-agendam-greve-geral-11-dezembro-2153908\" rel=\"nofollow noopener\" target=\"_blank\">greve geral<\/a>. Quanto ao mais \u2013 se vetaria ou n\u00e3o \u2013, Marques Mendes continua sem se pronunciar, argumentando que s\u00f3 se deve pronunciar quando existir uma lei aprovada e que o processo se pode estender para l\u00e1 da data da posse do pr\u00f3ximo Presidente.<\/p>\n<p>Sinalizando a \u201cprofunda discord\u00e2ncia\u201d, Ant\u00f3nio Filipe acusou Marques Mendes de ser o \u201ccandidato do Governo\u201d, enquanto ele \u00e9 \u201co candidato dos trabalhadores\u201d. Por isso, n\u00e3o tem d\u00favidas de que se deve pronunciar contra uma inten\u00e7\u00e3o do executivo que \u201cinverte toda a l\u00f3gica do direito do trabalho\u201d e que \u201ctudo o que est\u00e1 em cima da mesa \u00e9 lesivo\u201d. Mote que serviu para Marques Mendes utilizar a acusa\u00e7\u00e3o de que Ant\u00f3nio Filipe \u00e9 um \u201ccandidato de fac\u00e7\u00e3o\u201d e ouvir, na resposta: \u201cSou t\u00e3o de fac\u00e7\u00e3o como Marques Mendes, que \u00e9 do PSD\u201d.<\/p>\n<p>Passando para o tema do <a href=\"https:\/\/www.publico.pt\/25-de-novembro-de-1975\" rel=\"nofollow noopener\" target=\"_blank\">25 de Novembro<\/a>, o candidato apoiado pelo PCP acusou a direita de querer \u201creescrever a hist\u00f3ria e menorizar o 25 de Abril\u201d. \u201cPosi\u00e7\u00e3o incompreens\u00edvel\u201d, retorquiu Marques Mendes, voltando a acus\u00e1-lo de ser faccioso e de \u201cn\u00e3o ter sentido de Estado\u201d, notando que ambas as datas s\u00e3o importantes na constru\u00e7\u00e3o da democracia, sendo o 25 de Abril a \u201cdata mais importante\u201d. Puxando do adjectivo mais utilizado no debate, Ant\u00f3nio Filipe falou tamb\u00e9m em \u201ccerim\u00f3nia de fac\u00e7\u00e3o\u201d e jogou a cartada de ter, ao seu lado, pessoas do Grupo dos Nove (no caso, <a href=\"https:\/\/www.sabado.pt\/portugal\/detalhe\/presidenciais-capitao-de-abril-pezarat-correia-declara-apoio-a-antonio-filipe\" target=\"_blank\" rel=\"nofollow noopener\">Pezarat Correia<\/a>).<\/p>\n<p>Com o antigo l\u00edder do PSD a dizer que vai primar pela \u201cestabilidade\u201d, referindo-se ao cen\u00e1rio pol\u00edtico, Ant\u00f3nio Filipe concordou no termo, mas acrescentou que, sendo eleito, ser\u00e1 pela \u201cestabilidade das vidas das pessoas\u201d. A partir da\u00ed, oportunidade para vincar novamente as diferen\u00e7as \u00e0 boleia da TAP.<\/p>\n<p>Para o comunista, as not\u00edcias desta ter\u00e7a-feira sobre <a href=\"https:\/\/www.publico.pt\/2025\/11\/18\/sociedade\/noticia\/ministerio-publico-faz-buscas-tap-grupo-barraqueiro-2155032?ref=hp&amp;cx=manchete_1_destaque_0\" rel=\"nofollow noopener\" target=\"_blank\">as buscas na companhia a\u00e9rea<\/a> \u201cdemonstram que \u00e9 necess\u00e1rio impedir o processo de privatiza\u00e7\u00e3o\u201d em curso; j\u00e1 o social-democrata real\u00e7ou que \u201cse n\u00e3o houver privatiza\u00e7\u00e3o, ainda que parcial, a TAP n\u00e3o vai crescer\u201d e que, \u201cpelas regras de Bruxelas\u201d, o Estado \u201cn\u00e3o pode meter dinheiro\u201d.<\/p>\n<p>Antes da discord\u00e2ncia final, questionados sobre eventuais derivas autorit\u00e1rias no pa\u00eds, Marques Mendes afirmou que n\u00e3o lhe passa pela cabe\u00e7a \u201cum cen\u00e1rio tremendista dessa natureza\u201d, mas garantiu que ser\u00e1 \u201cintransigente\u201d nos valores de \u201cdefender a democracia, liberdade e justi\u00e7a social\u201d. J\u00e1 Ant\u00f3nio Filipe sublinhou que, como \u201c\u00faltimo reduto\u201d, poderia, respaldado pela Constitui\u00e7\u00e3o, \u201cdemitir o Governo para garantir o regular funcionamento das institui\u00e7\u00f5es democr\u00e1ticas\u201d.<\/p>\n<p>Por fim, a Ucr\u00e2nia. Marques Mendes acusou Ant\u00f3nio Filipe de n\u00e3o condenar a R\u00fassia agressora e Ant\u00f3nio Filipe lembrou que o fez, em 2022. No entanto, no remate final, Marques Mendes insistiu e Ant\u00f3nio Filipe, reiterando a condena\u00e7\u00e3o de h\u00e1 tr\u00eas anos, disse que Marques Mendes estava a \u201csimplificar aquilo que n\u00e3o \u00e9 simplific\u00e1vel\u201d, real\u00e7ando tamb\u00e9m que a guerra come\u00e7ou em 2014.<\/p>\n","protected":false},"excerpt":{"rendered":"As gravatas azuis de Lu\u00eds Marques Mendes e de Ant\u00f3nio Filipe foram as \u00fanicas coisas em que houve&hellip;\n","protected":false},"author":2,"featured_media":157100,"comment_status":"","ping_status":"","sticky":false,"template":"","format":"standard","meta":{"footnotes":""},"categories":[10],"tags":[17462,27,28,33707,15,16,14,25,26,17461,21,22,12,13,19,20,52,32,23,24,33,17,18,29,30,31],"class_list":{"0":"post-157099","1":"post","2":"type-post","3":"status-publish","4":"format-standard","5":"has-post-thumbnail","7":"category-portugal","8":"tag-antonio-filipe","9":"tag-breaking-news","10":"tag-breakingnews","11":"tag-debates-presidenciais-2026","12":"tag-featured-news","13":"tag-featurednews","14":"tag-headlines","15":"tag-latest-news","16":"tag-latestnews","17":"tag-luis-marques-mendes","18":"tag-main-news","19":"tag-mainnews","20":"tag-news","21":"tag-noticias","22":"tag-noticias-principais","23":"tag-noticiasprincipais","24":"tag-politica","25":"tag-portugal","26":"tag-principais-noticias","27":"tag-principaisnoticias","28":"tag-pt","29":"tag-top-stories","30":"tag-topstories","31":"tag-ultimas","32":"tag-ultimas-noticias","33":"tag-ultimasnoticias"},"share_on_mastodon":{"url":"https:\/\/pubeurope.com\/@pt\/115573492618467413","error":""},"_links":{"self":[{"href":"https:\/\/www.europesays.com\/pt\/wp-json\/wp\/v2\/posts\/157099","targetHints":{"allow":["GET"]}}],"collection":[{"href":"https:\/\/www.europesays.com\/pt\/wp-json\/wp\/v2\/posts"}],"about":[{"href":"https:\/\/www.europesays.com\/pt\/wp-json\/wp\/v2\/types\/post"}],"author":[{"embeddable":true,"href":"https:\/\/www.europesays.com\/pt\/wp-json\/wp\/v2\/users\/2"}],"replies":[{"embeddable":true,"href":"https:\/\/www.europesays.com\/pt\/wp-json\/wp\/v2\/comments?post=157099"}],"version-history":[{"count":0,"href":"https:\/\/www.europesays.com\/pt\/wp-json\/wp\/v2\/posts\/157099\/revisions"}],"wp:featuredmedia":[{"embeddable":true,"href":"https:\/\/www.europesays.com\/pt\/wp-json\/wp\/v2\/media\/157100"}],"wp:attachment":[{"href":"https:\/\/www.europesays.com\/pt\/wp-json\/wp\/v2\/media?parent=157099"}],"wp:term":[{"taxonomy":"category","embeddable":true,"href":"https:\/\/www.europesays.com\/pt\/wp-json\/wp\/v2\/categories?post=157099"},{"taxonomy":"post_tag","embeddable":true,"href":"https:\/\/www.europesays.com\/pt\/wp-json\/wp\/v2\/tags?post=157099"}],"curies":[{"name":"wp","href":"https:\/\/api.w.org\/{rel}","templated":true}]}}