{"id":157107,"date":"2025-11-19T00:27:08","date_gmt":"2025-11-19T00:27:08","guid":{"rendered":"https:\/\/www.europesays.com\/pt\/157107\/"},"modified":"2025-11-19T00:27:08","modified_gmt":"2025-11-19T00:27:08","slug":"superman-pierce-brosnan-diz-que-senhor-destino-estara-na-sequencia","status":"publish","type":"post","link":"https:\/\/www.europesays.com\/pt\/157107\/","title":{"rendered":"Superman: Pierce Brosnan diz que Senhor Destino estar\u00e1 na sequ\u00eancia"},"content":{"rendered":"<p>  <img width=\"76\" height=\"40\"   alt=\"Capa da Publica\u00e7\u00e3o\" class=\"article-cover__image\"\/><\/p>\n<p class=\"post__tagline\">Ator interpretou o her\u00f3i em Ad\u00e3o Negro, do DCEU<\/p>\n<p data-start=\"0\" data-end=\"170\"><strong>Pierce Brosnan<\/strong>, destaque em <strong data-start=\"28\" data-end=\"42\">Ad\u00e3o Negro<\/strong> (2022) por sua interpreta\u00e7\u00e3o do <strong>Senhor Destino<\/strong>, revelou que gostaria de voltar ao papel no novo <strong>DCU<\/strong> comandado por <strong>James Gunn<\/strong>.<\/p>\n<p data-start=\"172\" data-end=\"354\">Em entrevista \u00e0 revista <a href=\"https:\/\/deadline.com\/2025\/11\/pierce-brosnan-doctor-fate-superman-1236620040\/\" target=\"_blank\" rel=\"noopener nofollow\">GQ<\/a>, o ator comentou abertamente sobre a chance de revisitar o her\u00f3i e que at\u00e9 mesmo ficou sabendo que <strong>Kent Nelson<\/strong> vai retornar em breve.<\/p>\n<blockquote>\n<p data-start=\"172\" data-end=\"354\">\u201cOuvi dizer que ele teria sua pr\u00f3pria s\u00e9rie ou filme. Ouvi dizer que ele estar\u00e1 no pr\u00f3ximo Superman.\u201d<\/p>\n<\/blockquote>\n<p data-start=\"356\" data-end=\"532\" data-is-last-node=\"\" data-is-only-node=\"\">Por enquanto, n\u00e3o h\u00e1 informa\u00e7\u00f5es sobre os planos de Gunn para o personagem, mas muitos f\u00e3s acreditam que o retorno do Senhor Destino pode acontecer mais cedo do que se imagina.<\/p>\n<p data-start=\"356\" data-end=\"532\" data-is-last-node=\"\" data-is-only-node=\"\"><strong>Homem do Amanh\u00e3<\/strong> ser\u00e1 a sequ\u00eancia de <strong>Superman<\/strong>, lan\u00e7ado este ano, e deve chegar aos cinemas em 2027.<\/p>\n","protected":false},"excerpt":{"rendered":"Ator interpretou o her\u00f3i em Ad\u00e3o Negro, do DCEU Pierce Brosnan, destaque em Ad\u00e3o Negro (2022) por sua&hellip;\n","protected":false},"author":2,"featured_media":157108,"comment_status":"","ping_status":"","sticky":false,"template":"","format":"standard","meta":{"footnotes":""},"categories":[140],"tags":[114,115,147,148,15714,146,13245,32,33,1248],"class_list":{"0":"post-157107","1":"post","2":"type-post","3":"status-publish","4":"format-standard","5":"has-post-thumbnail","7":"category-filmes","8":"tag-entertainment","9":"tag-entretenimento","10":"tag-film","11":"tag-filmes","12":"tag-lobo","13":"tag-movies","14":"tag-pierce-brosnan","15":"tag-portugal","16":"tag-pt","17":"tag-superman"},"share_on_mastodon":{"url":"https:\/\/pubeurope.com\/@pt\/115573532076635394","error":""},"_links":{"self":[{"href":"https:\/\/www.europesays.com\/pt\/wp-json\/wp\/v2\/posts\/157107","targetHints":{"allow":["GET"]}}],"collection":[{"href":"https:\/\/www.europesays.com\/pt\/wp-json\/wp\/v2\/posts"}],"about":[{"href":"https:\/\/www.europesays.com\/pt\/wp-json\/wp\/v2\/types\/post"}],"author":[{"embeddable":true,"href":"https:\/\/www.europesays.com\/pt\/wp-json\/wp\/v2\/users\/2"}],"replies":[{"embeddable":true,"href":"https:\/\/www.europesays.com\/pt\/wp-json\/wp\/v2\/comments?post=157107"}],"version-history":[{"count":0,"href":"https:\/\/www.europesays.com\/pt\/wp-json\/wp\/v2\/posts\/157107\/revisions"}],"wp:featuredmedia":[{"embeddable":true,"href":"https:\/\/www.europesays.com\/pt\/wp-json\/wp\/v2\/media\/157108"}],"wp:attachment":[{"href":"https:\/\/www.europesays.com\/pt\/wp-json\/wp\/v2\/media?parent=157107"}],"wp:term":[{"taxonomy":"category","embeddable":true,"href":"https:\/\/www.europesays.com\/pt\/wp-json\/wp\/v2\/categories?post=157107"},{"taxonomy":"post_tag","embeddable":true,"href":"https:\/\/www.europesays.com\/pt\/wp-json\/wp\/v2\/tags?post=157107"}],"curies":[{"name":"wp","href":"https:\/\/api.w.org\/{rel}","templated":true}]}}