{"id":157158,"date":"2025-11-19T01:18:09","date_gmt":"2025-11-19T01:18:09","guid":{"rendered":"https:\/\/www.europesays.com\/pt\/157158\/"},"modified":"2025-11-19T01:18:09","modified_gmt":"2025-11-19T01:18:09","slug":"o-presidente-do-windows-aborda-o-estado-actual-do-windows-11-apos-a-reaccao-negativa-a-inclusao-de-mais-ia","status":"publish","type":"post","link":"https:\/\/www.europesays.com\/pt\/157158\/","title":{"rendered":"O presidente do Windows aborda o estado actual do Windows 11 ap\u00f3s a reac\u00e7\u00e3o negativa \u00e0 inclus\u00e3o de mais IA"},"content":{"rendered":"<p>O l\u00edder do Windows na Microsoft, Pavan Davuluri, comentou a recente <a title=\"Microsoft diz que o Windows est\u00e1 a tornar-se um SO com agentes de IA, mas os utilizadores n\u00e3o gostam l\u00e1 muito da ideia\" href=\"https:\/\/www.pcguia.pt\/2025\/11\/microsoft-diz-que-o-windows-esta-a-tornar-se-um-so-com-agentes-de-ia-mas-os-utilizadores-nao-gostam-la-muito-da-ideia\/\" target=\"_blank\" rel=\"noopener nofollow\">reac\u00e7\u00e3o negativa dos utilizadores<\/a> em rela\u00e7\u00e3o ao estado e direc\u00e7\u00e3o actuais do Windows. Numa nova publica\u00e7\u00e3o no X, Davuluri reconhece os coment\u00e1rios recentes dos utilizadores e diz que ele e a sua equipa est\u00e3o atentos a todo o feedback.<\/p>\n<p>\u201cA equipa (e eu) l\u00ea imenso feedback. Equilibramos o que vemos nos nossos sistemas de feedback do produto com o que ouvimos directamente. Nem sempre coincidem, mas ambos s\u00e3o importantes. Li os coment\u00e1rios e vejo um foco em coisas como a fiabilidade, desempenho, facilidade de uso e muito mais\u201d, disse Davuluri.<\/p>\n<p>A publica\u00e7\u00e3o \u00e9 em resposta a Gergely Orosz, que estava a criticar o Windows como uma plataforma para programadores. Davuluri diz que \u201cpreocupamo-nos muito com os programadores. Sabemos que temos trabalho a fazer na experi\u00eancia, tanto na usabilidade di\u00e1ria, desde caixas de di\u00e1logo inconsistentes a experi\u00eancias de utilizador avan\u00e7ado. Quando nos reunimos como equipa, discutimos estes pontos problem\u00e1ticos e outros em detalhe, porque queremos que os programadores escolham o Windows.\u201d<\/p>\n<blockquote data-service=\"twitter\" data-category=\"marketing\" data-placeholder-image=\"https:\/\/www.pcguia.pt\/wp-content\/plugins\/complianz-gdpr-premium\/assets\/images\/placeholders\/twitter-minimal.jpg\" class=\"cmplz-placeholder-element twitter-tweet\">\n<p dir=\"ltr\" lang=\"en\">Hey Gergely, I am responding here, and I think this applies to a bunch of the comments that people have made. I mean, a lot of comments \ud83d\ude42.<\/p>\n<p>The team (and I) take in a ton of feedback. We balance what we see in our product feedback systems with what we hear directly. They don\u2019t\u2026<\/p>\n<p>\u2014 Pavan Davuluri (@pavandavuluri) <a href=\"https:\/\/twitter.com\/pavandavuluri\/status\/1989764300488245266?ref_src=twsrc%5Etfw\" rel=\"nofollow noopener\" target=\"_blank\">November 15, 2025<\/a><\/p>\n<\/blockquote>\n<p>Davuluri, entretanto, desactivou as respostas na sua publica\u00e7\u00e3o original que mencionava o Windows a tornar-se um SO ag\u00eantico, o que algumas pessoas viram como uma tentativa de silenciar o feedback negativo. No entanto, a resposta mais recente de Davuluri \u00e9 muito mais tranquilizadora, confirmando que a empresa est\u00e1 ciente da reac\u00e7\u00e3o negativa e est\u00e1 a abordar problemas e preocupa\u00e7\u00f5es sobre o Windows como plataforma fora da IA, para pessoas como utilizadores avan\u00e7ados e programadores que usam o Windows como ferramenta.<\/p>\n<p>Ele menciona especificamente pontos problem\u00e1ticos como caixas de di\u00e1logo inconsistentes e experi\u00eancias de utilizador avan\u00e7ado, que t\u00eam sido uma \u00e1rea com uma necessidade urgente de aten\u00e7\u00e3o h\u00e1 v\u00e1rios anos. Durante mais de uma d\u00e9cada, o Windows tem sofrido de interfaces inconsistentes e falta de refinamento (polish), o que faz com que a plataforma pare\u00e7a datada e negligenciada, e provavelmente desempenha um grande papel na m\u00e1 reputa\u00e7\u00e3o do Windows nos dias de hoje.<\/p>\n<p>O que n\u00e3o ajudou nos \u00faltimos anos foi estrat\u00e9gia de distribui\u00e7\u00e3o de actualiza\u00e7\u00f5es da Microsoft que se destina a manter o SO actualizado com novas funcionalidades e altera\u00e7\u00f5es constantes. Em teoria, parece uma boa ideia, mas na pr\u00e1tica, actualizar o Windows mensalmente com novas funcionalidades causa frequentemente mais dores de cabe\u00e7a do que alegria a muitos utilizadores.<\/p>\n<p>Provavelmente, a maioria preferiria receber uma grande actualiza\u00e7\u00e3o numa altura previs\u00edvel e certa do ano, tal como a Apple e a Google fazem. A Microsoft desvalorizou as grandes actualiza\u00e7\u00f5es do Windows, optando antes por distribuir as novas funcionalidades quando est\u00e3o prontas, praticamente todos os meses. Isso significa que j\u00e1 n\u00e3o h\u00e1 grandes lan\u00e7amentos e os utilizadores ficaram frustrados pelo sistema operativo estar constantemente a mudar.<\/p>\n<p>Isto tamb\u00e9m torna o Windows mais suscept\u00edvel a bugs e problemas que surgem cada vez com mais frequ\u00eancia. Parece que novos bugs s\u00e3o descobertos todos os meses devido \u00e0 estrat\u00e9gia de inova\u00e7\u00e3o cont\u00ednua da Microsoft, que viu as funcionalidades serem lan\u00e7adas a um ritmo mais r\u00e1pido do que nunca.<\/p>\n<p>A boa not\u00edcia \u00e9 que Davuluri confirmou que a Microsoft est\u00e1 a ouvir e est\u00e1 ciente da reac\u00e7\u00e3o negativa que est\u00e1 a receber sobre a obsess\u00e3o da empresa com a IA no Windows 11. Isso n\u00e3o significa que a empresa v\u00e1 parar de adicionar IA ao Windows, mas significa que tamb\u00e9m podemos esperar que a Microsoft se concentre nas outras coisas que tamb\u00e9m s\u00e3o importantes, como a estabilidade e melhorias para utilizadores avan\u00e7ados.<\/p>\n<p><script async src=\"https:\/\/platform.twitter.com\/widgets.js\" charset=\"utf-8\"><\/script><\/p>\n","protected":false},"excerpt":{"rendered":"O l\u00edder do Windows na Microsoft, Pavan Davuluri, comentou a recente reac\u00e7\u00e3o negativa dos utilizadores em rela\u00e7\u00e3o ao&hellip;\n","protected":false},"author":2,"featured_media":157159,"comment_status":"","ping_status":"","sticky":false,"template":"","format":"standard","meta":{"footnotes":""},"categories":[84],"tags":[109,107,108,32,33,105,103,104,106,110],"class_list":{"0":"post-157158","1":"post","2":"type-post","3":"status-publish","4":"format-standard","5":"has-post-thumbnail","7":"category-ciencia-e-tecnologia","8":"tag-ciencia","9":"tag-ciencia-e-tecnologia","10":"tag-cienciaetecnologia","11":"tag-portugal","12":"tag-pt","13":"tag-science","14":"tag-science-and-technology","15":"tag-scienceandtechnology","16":"tag-technology","17":"tag-tecnologia"},"share_on_mastodon":{"url":"https:\/\/pubeurope.com\/@pt\/115573732296024576","error":""},"_links":{"self":[{"href":"https:\/\/www.europesays.com\/pt\/wp-json\/wp\/v2\/posts\/157158","targetHints":{"allow":["GET"]}}],"collection":[{"href":"https:\/\/www.europesays.com\/pt\/wp-json\/wp\/v2\/posts"}],"about":[{"href":"https:\/\/www.europesays.com\/pt\/wp-json\/wp\/v2\/types\/post"}],"author":[{"embeddable":true,"href":"https:\/\/www.europesays.com\/pt\/wp-json\/wp\/v2\/users\/2"}],"replies":[{"embeddable":true,"href":"https:\/\/www.europesays.com\/pt\/wp-json\/wp\/v2\/comments?post=157158"}],"version-history":[{"count":0,"href":"https:\/\/www.europesays.com\/pt\/wp-json\/wp\/v2\/posts\/157158\/revisions"}],"wp:featuredmedia":[{"embeddable":true,"href":"https:\/\/www.europesays.com\/pt\/wp-json\/wp\/v2\/media\/157159"}],"wp:attachment":[{"href":"https:\/\/www.europesays.com\/pt\/wp-json\/wp\/v2\/media?parent=157158"}],"wp:term":[{"taxonomy":"category","embeddable":true,"href":"https:\/\/www.europesays.com\/pt\/wp-json\/wp\/v2\/categories?post=157158"},{"taxonomy":"post_tag","embeddable":true,"href":"https:\/\/www.europesays.com\/pt\/wp-json\/wp\/v2\/tags?post=157158"}],"curies":[{"name":"wp","href":"https:\/\/api.w.org\/{rel}","templated":true}]}}